{"id":235552,"date":"2022-05-26T20:30:54","date_gmt":"2022-05-26T17:30:54","guid":{"rendered":"http:\/\/107.6.182.27\/es\/?p=235552"},"modified":"2023-01-10T15:58:09","modified_gmt":"2023-01-10T13:58:09","slug":"lavrov-los-dictados-europeos-han-pasado-los-limites","status":"publish","type":"post","link":"https:\/\/archive.sana.sy\/es\/?p=235552","title":{"rendered":"Lavrov: los dictados europeos han pasado los l\u00edmites"},"content":{"rendered":"<p style=\"text-align: justify;\"><span style=\"color: #800000;\"><strong>Mosc\u00fa, 26 may (SANA)\u00a0<\/strong><\/span> El ministro de Relaciones Exteriores de Rusia, Serguei Lavrov, afirm\u00f3 que &#8220;los dictados y la dictadura insolente de parte de los representantes de la alianza occidental han pasado todos los l\u00edmites&#8221;.<\/p>\n<p style=\"text-align: justify;\">En una entrevista con el canal RT, Lavrov dijo que &#8220;los representantes de esa alianza extorsionan a los dem\u00e1s pa\u00edses y les dirigen amenazas directas de que se arrepentir\u00e1n si no se unen a las sanciones impuestas a Rusia, sin embargo la reacci\u00f3n de todos los pa\u00edses en Asia, \u00c1frica y Am\u00e9rica Latina demuestra que esos pa\u00edses no quieren sacrificar su dignidad nacional para acatar los dictados occidentales&#8221;.<\/p>\n<p style=\"text-align: justify;\">&#8220;El pensamiento y los h\u00e1bitos colonialistas de los colegas occidentales no se han ausentado en ning\u00fan lugar pues EEUU y Europa todav\u00eda piensan del mismo modo y esto es algo malo, triste y contradictorio con el proceso hist\u00f3rico que objetivamente muestra un mundo multipolar en ciernes&#8221;.<\/p>\n<p style=\"text-align: justify;\">rsh\/sm<\/p>\n","protected":false},"excerpt":{"rendered":"<p>Mosc\u00fa, 26 may (SANA)\u00a0 El ministro de Relaciones Exteriores de Rusia, Serguei Lavrov, afirm\u00f3 que &#8220;los dictados y la dictadura insolente de parte de los representantes de la alianza occidental han pasado todos los l\u00edmites&#8221;. En una entrevista con el canal RT, Lavrov dijo que &#8220;los representantes de esa alianza extorsionan a los dem\u00e1s pa\u00edses &hellip;<\/p>\n","protected":false},"author":39,"featured_media":235553,"comment_status":"closed","ping_status":"closed","sticky":false,"template":"","format":"standard","meta":{"footnotes":""},"categories":[597,456,7541],"tags":[],"class_list":["post-235552","post","type-post","status-publish","format-standard","has-post-thumbnail","","category-cinta-de-noticias","category-arabe-internacional-politica","category-ultimas-noticias"],"_links":{"self":[{"href":"https:\/\/archive.sana.sy\/es\/index.php?rest_route=\/wp\/v2\/posts\/235552"}],"collection":[{"href":"https:\/\/archive.sana.sy\/es\/index.php?rest_route=\/wp\/v2\/posts"}],"about":[{"href":"https:\/\/archive.sana.sy\/es\/index.php?rest_route=\/wp\/v2\/types\/post"}],"author":[{"embeddable":true,"href":"https:\/\/archive.sana.sy\/es\/index.php?rest_route=\/wp\/v2\/users\/39"}],"replies":[{"embeddable":true,"href":"https:\/\/archive.sana.sy\/es\/index.php?rest_route=%2Fwp%2Fv2%2Fcomments&post=235552"}],"version-history":[{"count":0,"href":"https:\/\/archive.sana.sy\/es\/index.php?rest_route=\/wp\/v2\/posts\/235552\/revisions"}],"wp:featuredmedia":[{"embeddable":true,"href":"https:\/\/archive.sana.sy\/es\/index.php?rest_route=\/wp\/v2\/media\/235553"}],"wp:attachment":[{"href":"https:\/\/archive.sana.sy\/es\/index.php?rest_route=%2Fwp%2Fv2%2Fmedia&parent=235552"}],"wp:term":[{"taxonomy":"category","embeddable":true,"href":"https:\/\/archive.sana.sy\/es\/index.php?rest_route=%2Fwp%2Fv2%2Fcategories&post=235552"},{"taxonomy":"post_tag","embeddable":true,"href":"https:\/\/archive.sana.sy\/es\/index.php?rest_route=%2Fwp%2Fv2%2Ftags&post=235552"}],"curies":[{"name":"wp","href":"https:\/\/api.w.org\/{rel}","templated":true}]}}