{"id":23558,"date":"2015-05-19T21:48:33","date_gmt":"2015-05-19T18:48:33","guid":{"rendered":"http:\/\/sana.sy\/es\/?p=23558"},"modified":"2015-05-19T21:48:33","modified_gmt":"2015-05-19T18:48:33","slug":"ataque-con-morteros-contra-la-embajada-de-rusia-en-damasco","status":"publish","type":"post","link":"https:\/\/archive.sana.sy\/es\/?p=23558","title":{"rendered":"Ataque con morteros  contra la Embajada de Rusia en Damasco"},"content":{"rendered":"<p style=\"text-align: justify\"><span style=\"color: #800000\">Damasco-SANA<\/span><\/p>\n<p>La Embajada de Rusia en Damasco ha sido atacada este martes con dos proyectiles de\u00a0 mortero seg\u00fan afirmaron fuentes de la misi\u00f3n diplom\u00e1tica rusa.<\/p>\n<p>Fueron dos proyectiles de mortero los que cayeron en el recinto de la Embajada de Rusia en Damasco, sin causar v\u00edctimas, dijo la portavoz de la misi\u00f3n rusa en Siria, Asia Turuch\u00edeva.<br \/>\n&#8220;Dos proyectiles de mortero cayeron en el territorio de la Embajada. Uno, cerca de la entrada principal y el otro da\u00f1\u00f3 el edificio&#8221;, se\u00f1al\u00f3. Turuchiova.<\/p>\n<p>La Canciller\u00eda rusa ha condenado contundentemente el ataque y lo ha calificado de acto terrorista. Asimismo ha exhortado a la comunidad internacional a que hagan del incidente una evaluaci\u00f3n adecuada.<\/p>\n<p>Seg\u00fan la portavoz de la Embajada, las autoridades sirias reaccionaron de inmediato al incidente y se comprometieron a tomar todas las medidas necesarias para garantizar la seguridad de la Embajada.<\/p>\n<p>M.Miri<\/p>\n","protected":false},"excerpt":{"rendered":"<p>Damasco-SANA La Embajada de Rusia en Damasco ha sido atacada este martes con dos proyectiles de\u00a0 mortero seg\u00fan afirmaron fuentes de la misi\u00f3n diplom\u00e1tica rusa. Fueron dos proyectiles de mortero los que cayeron en el recinto de la Embajada de Rusia en Damasco, sin causar v\u00edctimas, dijo la portavoz de la misi\u00f3n rusa en Siria, &hellip;<\/p>\n","protected":false},"author":1,"featured_media":0,"comment_status":"closed","ping_status":"closed","sticky":false,"template":"","format":"standard","meta":{"footnotes":""},"categories":[573,457,576],"tags":[5317],"class_list":["post-23558","post","type-post","status-publish","format-standard","","category-la-realidad-de-los-acontecimientos-en-siria","category-noticias-arabe-internacional-politica","category-noticias-politicas","tag-ataque-con-morteros-contra-la-embajada-de-rusia-en-damasco"],"_links":{"self":[{"href":"https:\/\/archive.sana.sy\/es\/index.php?rest_route=\/wp\/v2\/posts\/23558"}],"collection":[{"href":"https:\/\/archive.sana.sy\/es\/index.php?rest_route=\/wp\/v2\/posts"}],"about":[{"href":"https:\/\/archive.sana.sy\/es\/index.php?rest_route=\/wp\/v2\/types\/post"}],"author":[{"embeddable":true,"href":"https:\/\/archive.sana.sy\/es\/index.php?rest_route=\/wp\/v2\/users\/1"}],"replies":[{"embeddable":true,"href":"https:\/\/archive.sana.sy\/es\/index.php?rest_route=%2Fwp%2Fv2%2Fcomments&post=23558"}],"version-history":[{"count":0,"href":"https:\/\/archive.sana.sy\/es\/index.php?rest_route=\/wp\/v2\/posts\/23558\/revisions"}],"wp:attachment":[{"href":"https:\/\/archive.sana.sy\/es\/index.php?rest_route=%2Fwp%2Fv2%2Fmedia&parent=23558"}],"wp:term":[{"taxonomy":"category","embeddable":true,"href":"https:\/\/archive.sana.sy\/es\/index.php?rest_route=%2Fwp%2Fv2%2Fcategories&post=23558"},{"taxonomy":"post_tag","embeddable":true,"href":"https:\/\/archive.sana.sy\/es\/index.php?rest_route=%2Fwp%2Fv2%2Ftags&post=23558"}],"curies":[{"name":"wp","href":"https:\/\/api.w.org\/{rel}","templated":true}]}}