{"id":235583,"date":"2022-05-26T21:33:05","date_gmt":"2022-05-26T18:33:05","guid":{"rendered":"http:\/\/107.6.182.27\/es\/?p=235583"},"modified":"2023-01-10T15:58:08","modified_gmt":"2023-01-10T13:58:08","slug":"putin-moscu-esta-dispuesto-a-contribuir-a-la-solucion-de-la-crisis-alimentaria","status":"publish","type":"post","link":"https:\/\/archive.sana.sy\/es\/?p=235583","title":{"rendered":"Putin: Mosc\u00fa est\u00e1 dispuesto a contribuir a la soluci\u00f3n de la crisis alimentaria"},"content":{"rendered":"<blockquote>\n<p style=\"text-align: justify;\">Mosc\u00fa est\u00e1 dispuesto a contribuir a la soluci\u00f3n de la crisis alimentaria, exportando cereales y fertilizantes, siempre y cuando se levanten las sanciones impuestas por algunos pa\u00edses a ra\u00edz del operativo ruso.<\/p>\n<\/blockquote>\n<p style=\"text-align: justify;\"><span style=\"color: #800000;\"><strong>Mosc\u00fa, 26 may (SANA)<\/strong><\/span> El presidente de Rusia, Vlad\u00edmir Putin, catalog\u00f3 como infundadas las acusaciones contra Rusia sobre los problemas de suministro de productos agr\u00edcolas a los mercados mundiales.<\/p>\n<p style=\"text-align: justify;\">En una conversaci\u00f3n telef\u00f3nica con el primer ministro italiano, Mario Draghi, el mandatario ruso explic\u00f3 que las dificultades se deb\u00edan a fallos en las cadenas de producci\u00f3n y log\u00edstica, as\u00ed como a las pol\u00edticas financieras de los pa\u00edses occidentales.<\/p>\n<p style=\"text-align: justify;\">El Gobernante se\u00f1al\u00f3 que Mosc\u00fa est\u00e1 dispuesto a contribuir a la soluci\u00f3n de la crisis alimentaria, exportando cereales y fertilizantes, siempre y cuando se levanten las sanciones impuestas por algunos pa\u00edses a ra\u00edz del operativo ruso.<\/p>\n<p style=\"text-align: justify;\">Adem\u00e1s, confirm\u00f3 su intenci\u00f3n de seguir garantizando el suministro interrumpido de gas ruso a Italia a precios del contrato.<\/p>\n<p style=\"text-align: justify;\">fm\/sm<\/p>\n","protected":false},"excerpt":{"rendered":"<p>Mosc\u00fa est\u00e1 dispuesto a contribuir a la soluci\u00f3n de la crisis alimentaria, exportando cereales y fertilizantes, siempre y cuando se levanten las sanciones impuestas por algunos pa\u00edses a ra\u00edz del operativo ruso. Mosc\u00fa, 26 may (SANA) El presidente de Rusia, Vlad\u00edmir Putin, catalog\u00f3 como infundadas las acusaciones contra Rusia sobre los problemas de suministro de &hellip;<\/p>\n","protected":false},"author":39,"featured_media":235584,"comment_status":"closed","ping_status":"closed","sticky":false,"template":"","format":"standard","meta":{"footnotes":""},"categories":[597,16686,485,456,7541],"tags":[],"class_list":["post-235583","post","type-post","status-publish","format-standard","has-post-thumbnail","","category-cinta-de-noticias","category-economia","category-informes-negocios-y-finanzas","category-arabe-internacional-politica","category-ultimas-noticias"],"_links":{"self":[{"href":"https:\/\/archive.sana.sy\/es\/index.php?rest_route=\/wp\/v2\/posts\/235583"}],"collection":[{"href":"https:\/\/archive.sana.sy\/es\/index.php?rest_route=\/wp\/v2\/posts"}],"about":[{"href":"https:\/\/archive.sana.sy\/es\/index.php?rest_route=\/wp\/v2\/types\/post"}],"author":[{"embeddable":true,"href":"https:\/\/archive.sana.sy\/es\/index.php?rest_route=\/wp\/v2\/users\/39"}],"replies":[{"embeddable":true,"href":"https:\/\/archive.sana.sy\/es\/index.php?rest_route=%2Fwp%2Fv2%2Fcomments&post=235583"}],"version-history":[{"count":0,"href":"https:\/\/archive.sana.sy\/es\/index.php?rest_route=\/wp\/v2\/posts\/235583\/revisions"}],"wp:featuredmedia":[{"embeddable":true,"href":"https:\/\/archive.sana.sy\/es\/index.php?rest_route=\/wp\/v2\/media\/235584"}],"wp:attachment":[{"href":"https:\/\/archive.sana.sy\/es\/index.php?rest_route=%2Fwp%2Fv2%2Fmedia&parent=235583"}],"wp:term":[{"taxonomy":"category","embeddable":true,"href":"https:\/\/archive.sana.sy\/es\/index.php?rest_route=%2Fwp%2Fv2%2Fcategories&post=235583"},{"taxonomy":"post_tag","embeddable":true,"href":"https:\/\/archive.sana.sy\/es\/index.php?rest_route=%2Fwp%2Fv2%2Ftags&post=235583"}],"curies":[{"name":"wp","href":"https:\/\/api.w.org\/{rel}","templated":true}]}}