{"id":235586,"date":"2022-05-27T07:05:43","date_gmt":"2022-05-27T04:05:43","guid":{"rendered":"http:\/\/107.6.182.27\/es\/?p=235586"},"modified":"2023-01-09T14:04:03","modified_gmt":"2023-01-09T12:04:03","slug":"rehabilitan-una-nueva-escuela-afectada-por-el-terrorismo-en-la-provincia-de-hasakeh","status":"publish","type":"post","link":"https:\/\/archive.sana.sy\/es\/?p=235586","title":{"rendered":"Rehabilitan una nueva escuela afectada por el terrorismo en la provincia de Hasakeh"},"content":{"rendered":"<p style=\"text-align: justify;\"><span style=\"color: #800000;\"><strong>Hasakeh, 26 may (SANA) <\/strong><\/span>La Direcci\u00f3n de Educaci\u00f3n de la provincia de Hasakeh complet\u00f3 los trabajos de rehabilitaci\u00f3n de la escuela, Eduard Aiwas, que fue destruida como resultado de un acto terrorista en 2016.<\/p>\n<p style=\"text-align: justify;\"><img loading=\"lazy\" decoding=\"async\" class=\"size-medium wp-image-235587 alignright\" src=\"http:\/\/107.6.182.27\/es\/wp-content\/uploads\/2022\/05\/photo_2022-05-26_20-39-52-300x178.jpg\" alt=\"\" width=\"300\" height=\"178\" srcset=\"https:\/\/archive.sana.sy\/es\/wp-content\/uploads\/2022\/05\/photo_2022-05-26_20-39-52-300x178.jpg 300w, https:\/\/archive.sana.sy\/es\/wp-content\/uploads\/2022\/05\/photo_2022-05-26_20-39-52-1024x609.jpg 1024w, https:\/\/archive.sana.sy\/es\/wp-content\/uploads\/2022\/05\/photo_2022-05-26_20-39-52-150x89.jpg 150w, https:\/\/archive.sana.sy\/es\/wp-content\/uploads\/2022\/05\/photo_2022-05-26_20-39-52-768x457.jpg 768w, https:\/\/archive.sana.sy\/es\/wp-content\/uploads\/2022\/05\/photo_2022-05-26_20-39-52.jpg 1280w\" sizes=\"(max-width: 300px) 100vw, 300px\" \/><\/p>\n<p style=\"text-align: justify;\">La directora provincial de Educai\u00f3n, Elham Sourkhan, declar\u00f3 a SANA que el trabajo de rehabilitaci\u00f3n de la referida escuela se complet\u00f3 con el apoyo y la cooperaci\u00f3n del Consejo Noruego para Refugiados, e incluy\u00f3 el mantenimiento completo de paredes, techos, ventanas y puertas.<\/p>\n<p style=\"text-align: justify;\">La Direcci\u00f3n de Educaci\u00f3n hab\u00eda llevado a cabo anteriormente el mantenimiento de las paredes exteriores de la escuela en cooperaci\u00f3n con varias asociaciones ben\u00e9ficas.<\/p>\n<p style=\"text-align: justify;\">sm<\/p>\n<div id='gallery-1' class='gallery galleryid-235586 gallery-columns-1 gallery-size-full'><figure class='gallery-item'>\n\t\t\t<div class='gallery-icon landscape'>\n\t\t\t\t<a href='https:\/\/archive.sana.sy\/es\/?attachment_id=235590'><img loading=\"lazy\" decoding=\"async\" width=\"1280\" height=\"719\" src=\"https:\/\/archive.sana.sy\/es\/wp-content\/uploads\/2022\/05\/photo_2022-05-26_20-39-48.jpg\" class=\"attachment-full size-full\" alt=\"\" srcset=\"https:\/\/archive.sana.sy\/es\/wp-content\/uploads\/2022\/05\/photo_2022-05-26_20-39-48.jpg 1280w, https:\/\/archive.sana.sy\/es\/wp-content\/uploads\/2022\/05\/photo_2022-05-26_20-39-48-300x169.jpg 300w, https:\/\/archive.sana.sy\/es\/wp-content\/uploads\/2022\/05\/photo_2022-05-26_20-39-48-1024x575.jpg 1024w, https:\/\/archive.sana.sy\/es\/wp-content\/uploads\/2022\/05\/photo_2022-05-26_20-39-48-150x84.jpg 150w, https:\/\/archive.sana.sy\/es\/wp-content\/uploads\/2022\/05\/photo_2022-05-26_20-39-48-768x431.jpg 768w\" sizes=\"(max-width: 1280px) 100vw, 1280px\" \/><\/a>\n\t\t\t<\/div><\/figure><figure class='gallery-item'>\n\t\t\t<div class='gallery-icon landscape'>\n\t\t\t\t<a href='https:\/\/archive.sana.sy\/es\/?attachment_id=235591'><img loading=\"lazy\" decoding=\"async\" width=\"600\" height=\"390\" src=\"https:\/\/archive.sana.sy\/es\/wp-content\/uploads\/2022\/05\/photo_2022-05-26_20-39-53.jpg\" class=\"attachment-full size-full\" alt=\"\" srcset=\"https:\/\/archive.sana.sy\/es\/wp-content\/uploads\/2022\/05\/photo_2022-05-26_20-39-53.jpg 600w, https:\/\/archive.sana.sy\/es\/wp-content\/uploads\/2022\/05\/photo_2022-05-26_20-39-53-300x195.jpg 300w, https:\/\/archive.sana.sy\/es\/wp-content\/uploads\/2022\/05\/photo_2022-05-26_20-39-53-150x98.jpg 150w\" sizes=\"(max-width: 600px) 100vw, 600px\" \/><\/a>\n\t\t\t<\/div><\/figure>\n\t\t<\/div>\n\n","protected":false},"excerpt":{"rendered":"<p>Hasakeh, 26 may (SANA) La Direcci\u00f3n de Educaci\u00f3n de la provincia de Hasakeh complet\u00f3 los trabajos de rehabilitaci\u00f3n de la escuela, Eduard Aiwas, que fue destruida como resultado de un acto terrorista en 2016. La directora provincial de Educai\u00f3n, Elham Sourkhan, declar\u00f3 a SANA que el trabajo de rehabilitaci\u00f3n de la referida escuela se complet\u00f3 &hellip;<\/p>\n","protected":false},"author":39,"featured_media":235642,"comment_status":"closed","ping_status":"closed","sticky":false,"template":"","format":"standard","meta":{"footnotes":""},"categories":[477,597,476,16688,457,571,583],"tags":[],"class_list":["post-235586","post","type-post","status-publish","format-standard","has-post-thumbnail","","category-noticias-edulcorantes","category-cinta-de-noticias","category-locales","category-nacionales","category-noticias-arabe-internacional-politica","category-siria-en-fotos","category-slide"],"_links":{"self":[{"href":"https:\/\/archive.sana.sy\/es\/index.php?rest_route=\/wp\/v2\/posts\/235586"}],"collection":[{"href":"https:\/\/archive.sana.sy\/es\/index.php?rest_route=\/wp\/v2\/posts"}],"about":[{"href":"https:\/\/archive.sana.sy\/es\/index.php?rest_route=\/wp\/v2\/types\/post"}],"author":[{"embeddable":true,"href":"https:\/\/archive.sana.sy\/es\/index.php?rest_route=\/wp\/v2\/users\/39"}],"replies":[{"embeddable":true,"href":"https:\/\/archive.sana.sy\/es\/index.php?rest_route=%2Fwp%2Fv2%2Fcomments&post=235586"}],"version-history":[{"count":0,"href":"https:\/\/archive.sana.sy\/es\/index.php?rest_route=\/wp\/v2\/posts\/235586\/revisions"}],"wp:featuredmedia":[{"embeddable":true,"href":"https:\/\/archive.sana.sy\/es\/index.php?rest_route=\/wp\/v2\/media\/235642"}],"wp:attachment":[{"href":"https:\/\/archive.sana.sy\/es\/index.php?rest_route=%2Fwp%2Fv2%2Fmedia&parent=235586"}],"wp:term":[{"taxonomy":"category","embeddable":true,"href":"https:\/\/archive.sana.sy\/es\/index.php?rest_route=%2Fwp%2Fv2%2Fcategories&post=235586"},{"taxonomy":"post_tag","embeddable":true,"href":"https:\/\/archive.sana.sy\/es\/index.php?rest_route=%2Fwp%2Fv2%2Ftags&post=235586"}],"curies":[{"name":"wp","href":"https:\/\/api.w.org\/{rel}","templated":true}]}}