{"id":235594,"date":"2022-05-26T22:46:46","date_gmt":"2022-05-26T19:46:46","guid":{"rendered":"http:\/\/107.6.182.27\/es\/?p=235594"},"modified":"2022-05-26T22:58:05","modified_gmt":"2022-05-26T19:58:05","slug":"lavrov-confirma-nuevamente-el-apoyo-de-su-pais-a-la-soberania-de-siria-y-su-integridad-territorial","status":"publish","type":"post","link":"https:\/\/archive.sana.sy\/es\/?p=235594","title":{"rendered":"Lavrov confirma nuevamente el apoyo de su pa\u00eds a la soberan\u00eda de Siria y su integridad territorial"},"content":{"rendered":"<blockquote>\n<p style=\"text-align: justify;\">&#8220;Apoyaremos la direcci\u00f3n siria en sus esfuerzos por la restituci\u00f3n de la unidad territorial de la Rep\u00fablica \u00c1rabe Siria porque a\u00fan est\u00e1n presentes all\u00ed unidades militares de pa\u00edses que no fueron invitados&#8221; agreg\u00f3 aludiendo a las pr\u00e1cticas hostiles de las tropas de ocupaci\u00f3n norteamericanas que &#8220;crean expl\u00edcitamente entidades semiestatales y animan el separatismo de forma directa.<\/p>\n<\/blockquote>\n<p style=\"text-align: justify;\"><span style=\"color: #800000;\"><strong>Mosc\u00fa, 26 may (SANA)\u00a0<\/strong><\/span> El ministro de Relaciones Exteriores de Rusia Serguei Lavrov ratific\u00f3 la postura de su pa\u00eds de apoyo a la soberan\u00eda de Siria y su integridad territorial, se\u00f1alando que las tropas rusas est\u00e1n presentes en Siria por solicitud de su gobierno leg\u00edtimo.<\/p>\n<p style=\"text-align: justify;\">En una entrevista con el canal Russia Today, Lavrov dijo que las tropas rusas presentes en Siria &#8220;llevan a cabo las misiones fijadas en la resoluci\u00f3n 2254 del Consejo de Seguridad&#8221; y subray\u00f3 que la soluci\u00f3n a la crisis \u00fanicamente se dar\u00e1 en base del respeto al respeto de la soberan\u00eda e integridad territorial del pa\u00eds \u00e1rabe.<\/p>\n<p style=\"text-align: justify;\">&#8220;Apoyaremos la direcci\u00f3n siria en sus esfuerzos por la restituci\u00f3n de la unidad territorial de la Rep\u00fablica \u00c1rabe Siria porque a\u00fan est\u00e1n presentes all\u00ed unidades militares de pa\u00edses que no fueron invitados&#8221; agreg\u00f3 aludiendo a las pr\u00e1cticas hostiles de las tropas de ocupaci\u00f3n norteamericanas que &#8220;crean expl\u00edcitamente entidades semiestatales y animan el separatismo de forma directa.<\/p>\n<p style=\"text-align: justify;\">Lavrov se\u00f1al\u00f3 que EEUU intentan &#8220;mantener la situaci\u00f3n en Siria en estado de crisis y animan la reanudaci\u00f3n de las hostilidades&#8221;, y repudi\u00f3 la Ley C\u00e9sar que pretende asfixiar la econom\u00eda siria.<\/p>\n<p style=\"text-align: justify;\">Calific\u00f3 el decreto de amnist\u00eda en Siria como paso importante y sumamente positivo.<\/p>\n<p style=\"text-align: justify;\">En lo referente a la cuesti\u00f3n de los refugiados sirios, Lavrov responsabiliz\u00f3 a EEUU y los pa\u00edses europeos vasallos por su no retorno a su patria, y record\u00f3 la conferencia que se celebr\u00f3 en Damasco hace dos a\u00f1os cuando los norteamericanos se esforzaron para que nadie asistiera a esa conferencia.<\/p>\n<p style=\"text-align: justify;\">&#8220;La ONU se neg\u00f3 a participar plenamente y esto da\u00f1\u00f3 la reputaci\u00f3n de Naciones Unidas porque la cuesti\u00f3n de retorno de los refugiados esta incluida en la resoluci\u00f3n 2254 por lo cual el secretario general tiene la obligaci\u00f3n personal de contribuir personalmente a ello&#8221;, agreg\u00f3.<\/p>\n<p style=\"text-align: justify;\">Lavrov se\u00f1al\u00f3 que en cambio cuando la Uni\u00f3n Europea celebr\u00f3 sus conferencias sobre los refugiados para recaudar fondos para los pa\u00edses de acogida, entonces el secretario general asist\u00eda en persona.<\/p>\n<p style=\"text-align: justify;\">rsh\/sm<\/p>\n","protected":false},"excerpt":{"rendered":"<p>&#8220;Apoyaremos la direcci\u00f3n siria en sus esfuerzos por la restituci\u00f3n de la unidad territorial de la Rep\u00fablica \u00c1rabe Siria porque a\u00fan est\u00e1n presentes all\u00ed unidades militares de pa\u00edses que no fueron invitados&#8221; agreg\u00f3 aludiendo a las pr\u00e1cticas hostiles de las tropas de ocupaci\u00f3n norteamericanas que &#8220;crean expl\u00edcitamente entidades semiestatales y animan el separatismo de forma &hellip;<\/p>\n","protected":false},"author":39,"featured_media":235595,"comment_status":"closed","ping_status":"closed","sticky":false,"template":"","format":"standard","meta":{"footnotes":""},"categories":[597,467,7541],"tags":[],"class_list":["post-235594","post","type-post","status-publish","format-standard","has-post-thumbnail","","category-cinta-de-noticias","category-siria-y-el-mundo","category-ultimas-noticias"],"_links":{"self":[{"href":"https:\/\/archive.sana.sy\/es\/index.php?rest_route=\/wp\/v2\/posts\/235594"}],"collection":[{"href":"https:\/\/archive.sana.sy\/es\/index.php?rest_route=\/wp\/v2\/posts"}],"about":[{"href":"https:\/\/archive.sana.sy\/es\/index.php?rest_route=\/wp\/v2\/types\/post"}],"author":[{"embeddable":true,"href":"https:\/\/archive.sana.sy\/es\/index.php?rest_route=\/wp\/v2\/users\/39"}],"replies":[{"embeddable":true,"href":"https:\/\/archive.sana.sy\/es\/index.php?rest_route=%2Fwp%2Fv2%2Fcomments&post=235594"}],"version-history":[{"count":0,"href":"https:\/\/archive.sana.sy\/es\/index.php?rest_route=\/wp\/v2\/posts\/235594\/revisions"}],"wp:featuredmedia":[{"embeddable":true,"href":"https:\/\/archive.sana.sy\/es\/index.php?rest_route=\/wp\/v2\/media\/235595"}],"wp:attachment":[{"href":"https:\/\/archive.sana.sy\/es\/index.php?rest_route=%2Fwp%2Fv2%2Fmedia&parent=235594"}],"wp:term":[{"taxonomy":"category","embeddable":true,"href":"https:\/\/archive.sana.sy\/es\/index.php?rest_route=%2Fwp%2Fv2%2Fcategories&post=235594"},{"taxonomy":"post_tag","embeddable":true,"href":"https:\/\/archive.sana.sy\/es\/index.php?rest_route=%2Fwp%2Fv2%2Ftags&post=235594"}],"curies":[{"name":"wp","href":"https:\/\/api.w.org\/{rel}","templated":true}]}}