{"id":235603,"date":"2022-05-27T08:25:44","date_gmt":"2022-05-27T05:25:44","guid":{"rendered":"http:\/\/107.6.182.27\/es\/?p=235603"},"modified":"2023-01-10T15:58:08","modified_gmt":"2023-01-10T13:58:08","slug":"declaracion-europea-las-colonias-israelies-violan-el-derecho-internacional","status":"publish","type":"post","link":"https:\/\/archive.sana.sy\/es\/?p=235603","title":{"rendered":"Declaraci\u00f3n europea: las colonias israel\u00edes violan el derecho internacional"},"content":{"rendered":"<blockquote>\n<p style=\"text-align: justify;\"><span style=\"color: #ff0000;\"><strong>Los delegados de Irlanda, Francia, Albania y Estonia destacaron en una declaraci\u00f3n conjunta en nombre de la Uni\u00f3n Europea en el Consejo de Seguridad, que la declaraci\u00f3n de las autoridades de ocupaci\u00f3n de establecer cuatro mil viviendas en Cisjordania constituye una clara violaci\u00f3n del derecho internacional.<\/strong><\/span><\/p>\n<\/blockquote>\n<p style=\"text-align: justify;\"><span style=\"color: #800000;\"><strong>Nueva York, 27 may (SANA)<\/strong><\/span> Los delegados de la Uni\u00f3n Europea ante el Consejo de Seguridad afirmaron que los planes del ocupante israel\u00ed de construir miles de unidades coloniales en los territorios palestinos ocupados constituyen una flagrante violaci\u00f3n del derecho internacional y de las resoluciones de las Naciones Unidas.<\/p>\n<p style=\"text-align: justify;\">Los delegados de Irlanda, Francia, Albania y Estonia destacaron en una declaraci\u00f3n conjunta en nombre de la Uni\u00f3n Europea en el Consejo de Seguridad, que la declaraci\u00f3n de las autoridades de ocupaci\u00f3n de establecer cuatro mil viviendas en Cisjordania constituye una clara violaci\u00f3n del derecho internacional.<\/p>\n<p style=\"text-align: justify;\">Se\u00f1alaron que el establecimiento de tres focos de asentamientos en la ciudad ocupada de Jerusal\u00e9n, adem\u00e1s de la continuaci\u00f3n de las demoliciones y desalojos en la aldea de Masafer Yatta, al sur de Hebr\u00f3n, provocar\u00e1 el desplazamiento forzado de m\u00e1s de 1.200 palestinos.<\/p>\n<p style=\"text-align: justify;\"><em><strong>fm\/ah<\/strong><\/em><\/p>\n","protected":false},"excerpt":{"rendered":"<p>Los delegados de Irlanda, Francia, Albania y Estonia destacaron en una declaraci\u00f3n conjunta en nombre de la Uni\u00f3n Europea en el Consejo de Seguridad, que la declaraci\u00f3n de las autoridades de ocupaci\u00f3n de establecer cuatro mil viviendas en Cisjordania constituye una clara violaci\u00f3n del derecho internacional. Nueva York, 27 may (SANA) Los delegados de la &hellip;<\/p>\n","protected":false},"author":30,"featured_media":235605,"comment_status":"closed","ping_status":"closed","sticky":false,"template":"","format":"standard","meta":{"footnotes":""},"categories":[597,456,7541],"tags":[],"class_list":["post-235603","post","type-post","status-publish","format-standard","has-post-thumbnail","","category-cinta-de-noticias","category-arabe-internacional-politica","category-ultimas-noticias"],"_links":{"self":[{"href":"https:\/\/archive.sana.sy\/es\/index.php?rest_route=\/wp\/v2\/posts\/235603"}],"collection":[{"href":"https:\/\/archive.sana.sy\/es\/index.php?rest_route=\/wp\/v2\/posts"}],"about":[{"href":"https:\/\/archive.sana.sy\/es\/index.php?rest_route=\/wp\/v2\/types\/post"}],"author":[{"embeddable":true,"href":"https:\/\/archive.sana.sy\/es\/index.php?rest_route=\/wp\/v2\/users\/30"}],"replies":[{"embeddable":true,"href":"https:\/\/archive.sana.sy\/es\/index.php?rest_route=%2Fwp%2Fv2%2Fcomments&post=235603"}],"version-history":[{"count":0,"href":"https:\/\/archive.sana.sy\/es\/index.php?rest_route=\/wp\/v2\/posts\/235603\/revisions"}],"wp:featuredmedia":[{"embeddable":true,"href":"https:\/\/archive.sana.sy\/es\/index.php?rest_route=\/wp\/v2\/media\/235605"}],"wp:attachment":[{"href":"https:\/\/archive.sana.sy\/es\/index.php?rest_route=%2Fwp%2Fv2%2Fmedia&parent=235603"}],"wp:term":[{"taxonomy":"category","embeddable":true,"href":"https:\/\/archive.sana.sy\/es\/index.php?rest_route=%2Fwp%2Fv2%2Fcategories&post=235603"},{"taxonomy":"post_tag","embeddable":true,"href":"https:\/\/archive.sana.sy\/es\/index.php?rest_route=%2Fwp%2Fv2%2Ftags&post=235603"}],"curies":[{"name":"wp","href":"https:\/\/api.w.org\/{rel}","templated":true}]}}