{"id":235655,"date":"2022-05-27T12:31:56","date_gmt":"2022-05-27T09:31:56","guid":{"rendered":"http:\/\/107.6.182.27\/es\/?p=235655"},"modified":"2022-05-27T12:31:56","modified_gmt":"2022-05-27T09:31:56","slug":"250-nazis-ucranianos-intentaron-entrar-en-territorio-ruso-como-refugiados","status":"publish","type":"post","link":"https:\/\/archive.sana.sy\/es\/?p=235655","title":{"rendered":"250 nazis ucranianos intentaron entrar en territorio ruso como refugiados"},"content":{"rendered":"<p style=\"text-align: justify;\"><span style=\"color: #800000;\"><strong>Mosc\u00fa, 27 may (SANA) <\/strong><\/span>La seguridad federal rusa revel\u00f3 que los nazis ucranianos intentaron ingresar al territorio ruso encubiertos como refugiados, pero varios de ellos resultaron capturados.<\/p>\n<p style=\"text-align: justify;\">&#8220;Bajo el paraguas de refugiados, elementos de extrema derecha y nacionalistas est\u00e1n tratando de infiltrarse en nuestro pa\u00eds, incluidos aquellos que participaron en hostilidades en el sureste de Ucrania&#8221;, cit\u00f3 Novosti al general Vladimir Kulichev, subjefe del Departamento de Guardia Fronteriza rusa del Servicio Federal de Seguridad.<\/p>\n<p style=\"text-align: justify;\">Como parte de la afluencia de personas que sal\u00edan de Ucrania, los guardias fronterizos, el personal de la agencia de seguridad regional y los equipos de la guardia nacional alertaron que unos 250 armados hab\u00edan intentado ingresar al territorio ruso con el argumento de que son refugiados.<\/p>\n<p style=\"text-align: justify;\"><em><strong>ah\/fm<\/strong><\/em><\/p>\n","protected":false},"excerpt":{"rendered":"<p>Mosc\u00fa, 27 may (SANA) La seguridad federal rusa revel\u00f3 que los nazis ucranianos intentaron ingresar al territorio ruso encubiertos como refugiados, pero varios de ellos resultaron capturados. &#8220;Bajo el paraguas de refugiados, elementos de extrema derecha y nacionalistas est\u00e1n tratando de infiltrarse en nuestro pa\u00eds, incluidos aquellos que participaron en hostilidades en el sureste de &hellip;<\/p>\n","protected":false},"author":30,"featured_media":235656,"comment_status":"closed","ping_status":"closed","sticky":false,"template":"","format":"standard","meta":{"footnotes":""},"categories":[597,456],"tags":[],"class_list":["post-235655","post","type-post","status-publish","format-standard","has-post-thumbnail","","category-cinta-de-noticias","category-arabe-internacional-politica"],"_links":{"self":[{"href":"https:\/\/archive.sana.sy\/es\/index.php?rest_route=\/wp\/v2\/posts\/235655"}],"collection":[{"href":"https:\/\/archive.sana.sy\/es\/index.php?rest_route=\/wp\/v2\/posts"}],"about":[{"href":"https:\/\/archive.sana.sy\/es\/index.php?rest_route=\/wp\/v2\/types\/post"}],"author":[{"embeddable":true,"href":"https:\/\/archive.sana.sy\/es\/index.php?rest_route=\/wp\/v2\/users\/30"}],"replies":[{"embeddable":true,"href":"https:\/\/archive.sana.sy\/es\/index.php?rest_route=%2Fwp%2Fv2%2Fcomments&post=235655"}],"version-history":[{"count":0,"href":"https:\/\/archive.sana.sy\/es\/index.php?rest_route=\/wp\/v2\/posts\/235655\/revisions"}],"wp:featuredmedia":[{"embeddable":true,"href":"https:\/\/archive.sana.sy\/es\/index.php?rest_route=\/wp\/v2\/media\/235656"}],"wp:attachment":[{"href":"https:\/\/archive.sana.sy\/es\/index.php?rest_route=%2Fwp%2Fv2%2Fmedia&parent=235655"}],"wp:term":[{"taxonomy":"category","embeddable":true,"href":"https:\/\/archive.sana.sy\/es\/index.php?rest_route=%2Fwp%2Fv2%2Fcategories&post=235655"},{"taxonomy":"post_tag","embeddable":true,"href":"https:\/\/archive.sana.sy\/es\/index.php?rest_route=%2Fwp%2Fv2%2Ftags&post=235655"}],"curies":[{"name":"wp","href":"https:\/\/api.w.org\/{rel}","templated":true}]}}