{"id":235661,"date":"2022-05-27T12:34:35","date_gmt":"2022-05-27T09:34:35","guid":{"rendered":"http:\/\/107.6.182.27\/es\/?p=235661"},"modified":"2022-05-27T12:34:35","modified_gmt":"2022-05-27T09:34:35","slug":"volodin-estados-unidos-y-europa-fracasaron-en-aislar-a-rusia","status":"publish","type":"post","link":"https:\/\/archive.sana.sy\/es\/?p=235661","title":{"rendered":"Volodin: Estados Unidos y Europa fracasaron en aislar a Rusia"},"content":{"rendered":"<p style=\"text-align: justify;\"><span style=\"color: #800000;\"><strong>Mosc\u00fa, 27 may (SANA) <\/strong><\/span>El presidente del consejo de Duma Estatal ruso, Vyacheslav Volodin, dijo que los intentos de Washington y Bruselas de aislar a Rusia hab\u00edan fracasado y que Estados Unidos hab\u00eda perdido el apoyo de la mayor\u00eda mundial.<\/p>\n<p style=\"text-align: justify;\">\u201cEstados Unidos perdi\u00f3 el apoyo de la mayor\u00eda en el mundo y la \u00faltima votaci\u00f3n de la ONU muestra que los pa\u00edses que no apoyan a Washington representan la mayor\u00eda de la poblaci\u00f3n mundial\u201d, escribi\u00f3 Volodin en su cuenta de Telegram.<\/p>\n<p style=\"text-align: justify;\">Volodin dijo que el presidente de Estados Unidos, Joe Biden, est\u00e1 buscando un cambio en las Naciones Unidas, ya que quiere preservar el modelo unipolar que ya no existe.<\/p>\n<p style=\"text-align: justify;\"><em><strong>ah\/fm<\/strong><\/em><\/p>\n","protected":false},"excerpt":{"rendered":"<p>Mosc\u00fa, 27 may (SANA) El presidente del consejo de Duma Estatal ruso, Vyacheslav Volodin, dijo que los intentos de Washington y Bruselas de aislar a Rusia hab\u00edan fracasado y que Estados Unidos hab\u00eda perdido el apoyo de la mayor\u00eda mundial. \u201cEstados Unidos perdi\u00f3 el apoyo de la mayor\u00eda en el mundo y la \u00faltima votaci\u00f3n &hellip;<\/p>\n","protected":false},"author":30,"featured_media":235662,"comment_status":"closed","ping_status":"closed","sticky":false,"template":"","format":"standard","meta":{"footnotes":""},"categories":[597,456],"tags":[],"class_list":["post-235661","post","type-post","status-publish","format-standard","has-post-thumbnail","","category-cinta-de-noticias","category-arabe-internacional-politica"],"_links":{"self":[{"href":"https:\/\/archive.sana.sy\/es\/index.php?rest_route=\/wp\/v2\/posts\/235661"}],"collection":[{"href":"https:\/\/archive.sana.sy\/es\/index.php?rest_route=\/wp\/v2\/posts"}],"about":[{"href":"https:\/\/archive.sana.sy\/es\/index.php?rest_route=\/wp\/v2\/types\/post"}],"author":[{"embeddable":true,"href":"https:\/\/archive.sana.sy\/es\/index.php?rest_route=\/wp\/v2\/users\/30"}],"replies":[{"embeddable":true,"href":"https:\/\/archive.sana.sy\/es\/index.php?rest_route=%2Fwp%2Fv2%2Fcomments&post=235661"}],"version-history":[{"count":0,"href":"https:\/\/archive.sana.sy\/es\/index.php?rest_route=\/wp\/v2\/posts\/235661\/revisions"}],"wp:featuredmedia":[{"embeddable":true,"href":"https:\/\/archive.sana.sy\/es\/index.php?rest_route=\/wp\/v2\/media\/235662"}],"wp:attachment":[{"href":"https:\/\/archive.sana.sy\/es\/index.php?rest_route=%2Fwp%2Fv2%2Fmedia&parent=235661"}],"wp:term":[{"taxonomy":"category","embeddable":true,"href":"https:\/\/archive.sana.sy\/es\/index.php?rest_route=%2Fwp%2Fv2%2Fcategories&post=235661"},{"taxonomy":"post_tag","embeddable":true,"href":"https:\/\/archive.sana.sy\/es\/index.php?rest_route=%2Fwp%2Fv2%2Ftags&post=235661"}],"curies":[{"name":"wp","href":"https:\/\/api.w.org\/{rel}","templated":true}]}}