{"id":235664,"date":"2022-05-27T14:04:01","date_gmt":"2022-05-27T11:04:01","guid":{"rendered":"http:\/\/107.6.182.27\/es\/?p=235664"},"modified":"2023-01-10T15:58:08","modified_gmt":"2023-01-10T13:58:08","slug":"fuerzas-de-la-republica-de-donetsk-anuncian-su-control-sobre-la-ciudad-de-krasnyi-lyman","status":"publish","type":"post","link":"https:\/\/archive.sana.sy\/es\/?p=235664","title":{"rendered":"Fuerzas de la Rep\u00fablica de Donetsk anuncian su control sobre la ciudad de Krasnyi Lyman"},"content":{"rendered":"<p style=\"text-align: justify;\"><span style=\"color: #800000;\"><strong>Donetsk, 27 may (SANA)\u00a0<\/strong> \u00a0<\/span> El Comando de Defensa Regional de la Rep\u00fablica Popular de Donetsk anunci\u00f3 hoy el control total de la ciudad de Krasnyi Lyman en el norte de la Rep\u00fablica.<\/p>\n<p style=\"text-align: justify;\">&#8220;Un grupo de las fuerzas armadas de las Rep\u00fablicas Populares de Donetsk y Luhansk, con el apoyo de las fuerzas armadas rusas, liberaron e impusieron el control total sobre 220 pueblos, incluida la ciudad de Krasnyi Lyman&#8221;, seg\u00fan divulg\u00f3 el sitio web Russia Today citando al Comando.<\/p>\n<p style=\"text-align: justify;\">Las tropas de las Rep\u00fablicas Populares de Donetsk y Luhansk, con el apoyo del ej\u00e9rcito ruso, contin\u00faan sus operaciones contra los neonazis ucranianos, ya que las fuerzas de la Rep\u00fablica de Lugansk anunciaron anteayer su control del pueblo de Toshkovka.<\/p>\n<p style=\"text-align: justify;\">sm<\/p>\n<p style=\"text-align: justify;\">\n","protected":false},"excerpt":{"rendered":"<p>Donetsk, 27 may (SANA)\u00a0 \u00a0 El Comando de Defensa Regional de la Rep\u00fablica Popular de Donetsk anunci\u00f3 hoy el control total de la ciudad de Krasnyi Lyman en el norte de la Rep\u00fablica. &#8220;Un grupo de las fuerzas armadas de las Rep\u00fablicas Populares de Donetsk y Luhansk, con el apoyo de las fuerzas armadas rusas, &hellip;<\/p>\n","protected":false},"author":39,"featured_media":235665,"comment_status":"closed","ping_status":"closed","sticky":false,"template":"","format":"standard","meta":{"footnotes":""},"categories":[447,597,456,457],"tags":[],"class_list":["post-235664","post","type-post","status-publish","format-standard","has-post-thumbnail","","category-local-politica","category-cinta-de-noticias","category-arabe-internacional-politica","category-noticias-arabe-internacional-politica"],"_links":{"self":[{"href":"https:\/\/archive.sana.sy\/es\/index.php?rest_route=\/wp\/v2\/posts\/235664"}],"collection":[{"href":"https:\/\/archive.sana.sy\/es\/index.php?rest_route=\/wp\/v2\/posts"}],"about":[{"href":"https:\/\/archive.sana.sy\/es\/index.php?rest_route=\/wp\/v2\/types\/post"}],"author":[{"embeddable":true,"href":"https:\/\/archive.sana.sy\/es\/index.php?rest_route=\/wp\/v2\/users\/39"}],"replies":[{"embeddable":true,"href":"https:\/\/archive.sana.sy\/es\/index.php?rest_route=%2Fwp%2Fv2%2Fcomments&post=235664"}],"version-history":[{"count":0,"href":"https:\/\/archive.sana.sy\/es\/index.php?rest_route=\/wp\/v2\/posts\/235664\/revisions"}],"wp:featuredmedia":[{"embeddable":true,"href":"https:\/\/archive.sana.sy\/es\/index.php?rest_route=\/wp\/v2\/media\/235665"}],"wp:attachment":[{"href":"https:\/\/archive.sana.sy\/es\/index.php?rest_route=%2Fwp%2Fv2%2Fmedia&parent=235664"}],"wp:term":[{"taxonomy":"category","embeddable":true,"href":"https:\/\/archive.sana.sy\/es\/index.php?rest_route=%2Fwp%2Fv2%2Fcategories&post=235664"},{"taxonomy":"post_tag","embeddable":true,"href":"https:\/\/archive.sana.sy\/es\/index.php?rest_route=%2Fwp%2Fv2%2Ftags&post=235664"}],"curies":[{"name":"wp","href":"https:\/\/api.w.org\/{rel}","templated":true}]}}