{"id":235669,"date":"2022-05-27T15:06:33","date_gmt":"2022-05-27T12:06:33","guid":{"rendered":"http:\/\/107.6.182.27\/es\/?p=235669"},"modified":"2023-01-10T15:58:07","modified_gmt":"2023-01-10T13:58:07","slug":"expansion-de-la-otan-hacia-el-este-amenaza-la-seguridad-rusa-afirma-embajador-de-china-en-francia","status":"publish","type":"post","link":"https:\/\/archive.sana.sy\/es\/?p=235669","title":{"rendered":"Expansi\u00f3n de la OTAN hacia el Este amenaza la seguridad rusa, afirma embajador de China en Francia"},"content":{"rendered":"<p style=\"text-align: justify;\"><span style=\"color: #800000;\"><strong>Par\u00eds, 27 may (SANA)\u00a0<\/strong> <\/span>\u00a0El embajador de China en Francia, Li Shai, subray\u00f3 que la expansi\u00f3n de la Organizaci\u00f3n del Tratado del Atl\u00e1ntico Norte (OTAN) hacia el Este representa una amenaza militar para la seguridad de Rusia.<\/p>\n<p style=\"text-align: justify;\">&#8220;La expansi\u00f3n de la OTAN representa una amenaza militar para la seguridad de Rusia, y Mosc\u00fa tiene derecho a defenderse ante tal amenaza&#8221;, dijo el diplom\u00e1tico chino en una declaraci\u00f3n al canal (Europa 1).<\/p>\n<p style=\"text-align: justify;\">Consider\u00f3 que el conflicto en Ucrania es el resultado de cinco ciclos de expansi\u00f3n de la OTAN hacia el Este, algo que no es solo desde el punto de vista de China, sino el de muchos pa\u00edses occidentales, y se\u00f1al\u00f3 que Washington y sus aliados occidentales est\u00e1n practicando una estrategia de contenci\u00f3n hacia Pek\u00edn y Mosc\u00fa.<\/p>\n<p style=\"text-align: justify;\">sm<\/p>\n","protected":false},"excerpt":{"rendered":"<p>Par\u00eds, 27 may (SANA)\u00a0 \u00a0El embajador de China en Francia, Li Shai, subray\u00f3 que la expansi\u00f3n de la Organizaci\u00f3n del Tratado del Atl\u00e1ntico Norte (OTAN) hacia el Este representa una amenaza militar para la seguridad de Rusia. &#8220;La expansi\u00f3n de la OTAN representa una amenaza militar para la seguridad de Rusia, y Mosc\u00fa tiene derecho &hellip;<\/p>\n","protected":false},"author":39,"featured_media":235670,"comment_status":"closed","ping_status":"closed","sticky":false,"template":"","format":"standard","meta":{"footnotes":""},"categories":[597,456,457],"tags":[],"class_list":["post-235669","post","type-post","status-publish","format-standard","has-post-thumbnail","","category-cinta-de-noticias","category-arabe-internacional-politica","category-noticias-arabe-internacional-politica"],"_links":{"self":[{"href":"https:\/\/archive.sana.sy\/es\/index.php?rest_route=\/wp\/v2\/posts\/235669"}],"collection":[{"href":"https:\/\/archive.sana.sy\/es\/index.php?rest_route=\/wp\/v2\/posts"}],"about":[{"href":"https:\/\/archive.sana.sy\/es\/index.php?rest_route=\/wp\/v2\/types\/post"}],"author":[{"embeddable":true,"href":"https:\/\/archive.sana.sy\/es\/index.php?rest_route=\/wp\/v2\/users\/39"}],"replies":[{"embeddable":true,"href":"https:\/\/archive.sana.sy\/es\/index.php?rest_route=%2Fwp%2Fv2%2Fcomments&post=235669"}],"version-history":[{"count":0,"href":"https:\/\/archive.sana.sy\/es\/index.php?rest_route=\/wp\/v2\/posts\/235669\/revisions"}],"wp:featuredmedia":[{"embeddable":true,"href":"https:\/\/archive.sana.sy\/es\/index.php?rest_route=\/wp\/v2\/media\/235670"}],"wp:attachment":[{"href":"https:\/\/archive.sana.sy\/es\/index.php?rest_route=%2Fwp%2Fv2%2Fmedia&parent=235669"}],"wp:term":[{"taxonomy":"category","embeddable":true,"href":"https:\/\/archive.sana.sy\/es\/index.php?rest_route=%2Fwp%2Fv2%2Fcategories&post=235669"},{"taxonomy":"post_tag","embeddable":true,"href":"https:\/\/archive.sana.sy\/es\/index.php?rest_route=%2Fwp%2Fv2%2Ftags&post=235669"}],"curies":[{"name":"wp","href":"https:\/\/api.w.org\/{rel}","templated":true}]}}