{"id":235714,"date":"2022-05-27T08:20:00","date_gmt":"2022-05-27T05:20:00","guid":{"rendered":"http:\/\/107.6.182.27\/es\/?p=235714"},"modified":"2023-01-10T15:23:25","modified_gmt":"2023-01-10T13:23:25","slug":"aumenta-el-cultivo-de-la-rosa-de-damasco-la-reina-de-las-flores-en-hama-fotos","status":"publish","type":"post","link":"https:\/\/archive.sana.sy\/es\/?p=235714","title":{"rendered":"Aumenta el cultivo de la Rosa de Damasco, la reina de las flores, en Hama (+fotos)"},"content":{"rendered":"<blockquote>\n<p style=\"text-align: justify;\"><strong><span style=\"color: #ff0000;\">El cultivo de la Rosa de Damasco es f\u00e1cil y sencillo, seg\u00fan afirman algunos productores a la agencia SANA que visit\u00f3 la localidad de Mareen al-Saleeb, y afirman que un kil\u00f3metro cuadrado produce entre 50 a 75 kg de rosas secas.<\/span><\/strong><\/p>\n<p style=\"text-align: justify;\"><strong><span style=\"color: #ff0000;\">La Unesco incluy\u00f3 en diciembre de 2019 en su listado de patrimonio inmaterial sujeto a protecci\u00f3n a la Rosa de Damasco y las pr\u00e1cticas culturales y artesanales relacionadas con este cultivo como su recolecci\u00f3n y usos m\u00e9dicos, culinarios y cosm\u00e9ticos tradicionales.<\/span><\/strong><\/p>\n<\/blockquote>\n<p style=\"text-align: justify;\"><strong><span style=\"color: #800000;\">Hama, 27 may (SANA)<\/span> <\/strong>Las \u00e1reas cultivadas de la Rosa de Damasco en la localidad de Mareen al-Saleeb en el municipio de Messiaf en la provincia centro occidental de Hama, han aumentado significativamente en los \u00faltimos a\u00f1os, e incluso se ha convertido en uno de los cultivos m\u00e1s importantes y rentables para los agricultores del pueblo.<\/p>\n<p><img loading=\"lazy\" decoding=\"async\" class=\"size-medium wp-image-235716 alignright\" src=\"http:\/\/107.6.182.27\/es\/wp-content\/uploads\/2022\/05\/1-202-660x330-1-300x150.jpg\" alt=\"\" width=\"300\" height=\"150\" srcset=\"https:\/\/archive.sana.sy\/es\/wp-content\/uploads\/2022\/05\/1-202-660x330-1-300x150.jpg 300w, https:\/\/archive.sana.sy\/es\/wp-content\/uploads\/2022\/05\/1-202-660x330-1-150x75.jpg 150w, https:\/\/archive.sana.sy\/es\/wp-content\/uploads\/2022\/05\/1-202-660x330-1.jpg 660w\" sizes=\"(max-width: 300px) 100vw, 300px\" \/><\/p>\n<p style=\"text-align: justify;\">Esta localidad ya cuenta con un centro de venta de plantas de la Rosa de Damasco que abastece a decenas de pueblos en las regiones de Al-Ghab y Masyaf, adem\u00e1s de acoger la Asociaci\u00f3n de Amigos de las Rosas, conformada por 30 fundadores.<\/p>\n<p style=\"text-align: justify;\">El cultivo de la Rosa de Damasco es f\u00e1cil y sencillo, seg\u00fan afirman algunos productores a la agencia SANA que visit\u00f3 esta localidad, y afirman que un kil\u00f3metro cuadrado produce entre 50 a 75 kg de rosas secas.<\/p>\n<p style=\"text-align: justify;\">La Unesco incluy\u00f3 en diciembre de 2019 en su listado de patrimonio inmaterial sujeto a protecci\u00f3n a la Rosa de Damasco y las pr\u00e1cticas culturales y artesanales relacionadas con este cultivo como su recolecci\u00f3n y usos m\u00e9dicos, culinarios y cosm\u00e9ticos tradicionales.<\/p>\n<p style=\"text-align: justify;\">fm\/sm<\/p>\n<div id='gallery-1' class='gallery galleryid-235714 gallery-columns-1 gallery-size-full'><figure class='gallery-item'>\n\t\t\t<div class='gallery-icon landscape'>\n\t\t\t\t<a href='https:\/\/archive.sana.sy\/es\/?attachment_id=235722'><img loading=\"lazy\" decoding=\"async\" width=\"660\" height=\"440\" src=\"https:\/\/archive.sana.sy\/es\/wp-content\/uploads\/2022\/05\/2-196-1.jpg\" class=\"attachment-full size-full\" alt=\"\" srcset=\"https:\/\/archive.sana.sy\/es\/wp-content\/uploads\/2022\/05\/2-196-1.jpg 660w, https:\/\/archive.sana.sy\/es\/wp-content\/uploads\/2022\/05\/2-196-1-300x200.jpg 300w, https:\/\/archive.sana.sy\/es\/wp-content\/uploads\/2022\/05\/2-196-1-150x100.jpg 150w\" sizes=\"(max-width: 660px) 100vw, 660px\" \/><\/a>\n\t\t\t<\/div><\/figure><figure class='gallery-item'>\n\t\t\t<div class='gallery-icon landscape'>\n\t\t\t\t<a href='https:\/\/archive.sana.sy\/es\/?attachment_id=235719'><img loading=\"lazy\" decoding=\"async\" width=\"660\" height=\"509\" src=\"https:\/\/archive.sana.sy\/es\/wp-content\/uploads\/2022\/05\/1-203.jpg\" class=\"attachment-full size-full\" alt=\"\" srcset=\"https:\/\/archive.sana.sy\/es\/wp-content\/uploads\/2022\/05\/1-203.jpg 660w, https:\/\/archive.sana.sy\/es\/wp-content\/uploads\/2022\/05\/1-203-300x231.jpg 300w, https:\/\/archive.sana.sy\/es\/wp-content\/uploads\/2022\/05\/1-203-150x116.jpg 150w\" sizes=\"(max-width: 660px) 100vw, 660px\" \/><\/a>\n\t\t\t<\/div><\/figure>\n\t\t<\/div>\n\n","protected":false},"excerpt":{"rendered":"<p>El cultivo de la Rosa de Damasco es f\u00e1cil y sencillo, seg\u00fan afirman algunos productores a la agencia SANA que visit\u00f3 la localidad de Mareen al-Saleeb, y afirman que un kil\u00f3metro cuadrado produce entre 50 a 75 kg de rosas secas. La Unesco incluy\u00f3 en diciembre de 2019 en su listado de patrimonio inmaterial sujeto &hellip;<\/p>\n","protected":false},"author":39,"featured_media":235724,"comment_status":"closed","ping_status":"closed","sticky":false,"template":"","format":"standard","meta":{"footnotes":""},"categories":[477,447,597,16686,485,476,583],"tags":[],"class_list":["post-235714","post","type-post","status-publish","format-standard","has-post-thumbnail","","category-noticias-edulcorantes","category-local-politica","category-cinta-de-noticias","category-economia","category-informes-negocios-y-finanzas","category-locales","category-slide"],"_links":{"self":[{"href":"https:\/\/archive.sana.sy\/es\/index.php?rest_route=\/wp\/v2\/posts\/235714"}],"collection":[{"href":"https:\/\/archive.sana.sy\/es\/index.php?rest_route=\/wp\/v2\/posts"}],"about":[{"href":"https:\/\/archive.sana.sy\/es\/index.php?rest_route=\/wp\/v2\/types\/post"}],"author":[{"embeddable":true,"href":"https:\/\/archive.sana.sy\/es\/index.php?rest_route=\/wp\/v2\/users\/39"}],"replies":[{"embeddable":true,"href":"https:\/\/archive.sana.sy\/es\/index.php?rest_route=%2Fwp%2Fv2%2Fcomments&post=235714"}],"version-history":[{"count":0,"href":"https:\/\/archive.sana.sy\/es\/index.php?rest_route=\/wp\/v2\/posts\/235714\/revisions"}],"wp:featuredmedia":[{"embeddable":true,"href":"https:\/\/archive.sana.sy\/es\/index.php?rest_route=\/wp\/v2\/media\/235724"}],"wp:attachment":[{"href":"https:\/\/archive.sana.sy\/es\/index.php?rest_route=%2Fwp%2Fv2%2Fmedia&parent=235714"}],"wp:term":[{"taxonomy":"category","embeddable":true,"href":"https:\/\/archive.sana.sy\/es\/index.php?rest_route=%2Fwp%2Fv2%2Fcategories&post=235714"},{"taxonomy":"post_tag","embeddable":true,"href":"https:\/\/archive.sana.sy\/es\/index.php?rest_route=%2Fwp%2Fv2%2Ftags&post=235714"}],"curies":[{"name":"wp","href":"https:\/\/api.w.org\/{rel}","templated":true}]}}