{"id":235729,"date":"2022-05-27T17:43:42","date_gmt":"2022-05-27T14:43:42","guid":{"rendered":"http:\/\/107.6.182.27\/es\/?p=235729"},"modified":"2023-01-10T15:58:07","modified_gmt":"2023-01-10T13:58:07","slug":"las-negociaciones-ruso-ucranianas-estan-congeladas-por-decision-de-kiev-afirma-el-kremlin","status":"publish","type":"post","link":"https:\/\/archive.sana.sy\/es\/?p=235729","title":{"rendered":"Las negociaciones ruso-ucranianas est\u00e1n congeladas por decisi\u00f3n de Kiev, afirma el Kremlin"},"content":{"rendered":"<p style=\"text-align: justify;\"><span style=\"color: #800000;\"><strong>Mosc\u00fa, 27 may (SANA)\u00a0<\/strong> <\/span>El portavoz de la presidencia rusa, Dmitry Peskov, afirm\u00f3 que las negociaciones entre Rusia y Ucrania est\u00e1n congeladas actualmente por una decisi\u00f3n del r\u00e9gimen de Kiev.<\/p>\n<p style=\"text-align: justify;\">&#8220;El gobierno ucraniano en general hace declaraciones que se contradicen entre s\u00ed, lo que no nos permite comprender completamente y claramente lo que quiere y si est\u00e1 listo para adoptar un enfoque sobrio y percatarse de la situaci\u00f3n real sobre el terreno&#8221;, dijo Peskov en una conferencia de prensa.<\/p>\n<p style=\"text-align: justify;\">Con respecto a la celebraci\u00f3n de la Conferencia Econ\u00f3mica Euroasi\u00e1tica, el vocero enfatiz\u00f3 que la guerra econ\u00f3mica que Occidente inici\u00f3 contra Rusia y Bielorrusia no impedir\u00e1 una mayor integraci\u00f3n en la Uni\u00f3n Econ\u00f3mica Euroasi\u00e1tica.<\/p>\n<p style=\"text-align: justify;\">fm\/sm<\/p>\n","protected":false},"excerpt":{"rendered":"<p>Mosc\u00fa, 27 may (SANA)\u00a0 El portavoz de la presidencia rusa, Dmitry Peskov, afirm\u00f3 que las negociaciones entre Rusia y Ucrania est\u00e1n congeladas actualmente por una decisi\u00f3n del r\u00e9gimen de Kiev. &#8220;El gobierno ucraniano en general hace declaraciones que se contradicen entre s\u00ed, lo que no nos permite comprender completamente y claramente lo que quiere y &hellip;<\/p>\n","protected":false},"author":39,"featured_media":235730,"comment_status":"closed","ping_status":"closed","sticky":false,"template":"","format":"standard","meta":{"footnotes":""},"categories":[597,456,457,7541],"tags":[],"class_list":["post-235729","post","type-post","status-publish","format-standard","has-post-thumbnail","","category-cinta-de-noticias","category-arabe-internacional-politica","category-noticias-arabe-internacional-politica","category-ultimas-noticias"],"_links":{"self":[{"href":"https:\/\/archive.sana.sy\/es\/index.php?rest_route=\/wp\/v2\/posts\/235729"}],"collection":[{"href":"https:\/\/archive.sana.sy\/es\/index.php?rest_route=\/wp\/v2\/posts"}],"about":[{"href":"https:\/\/archive.sana.sy\/es\/index.php?rest_route=\/wp\/v2\/types\/post"}],"author":[{"embeddable":true,"href":"https:\/\/archive.sana.sy\/es\/index.php?rest_route=\/wp\/v2\/users\/39"}],"replies":[{"embeddable":true,"href":"https:\/\/archive.sana.sy\/es\/index.php?rest_route=%2Fwp%2Fv2%2Fcomments&post=235729"}],"version-history":[{"count":0,"href":"https:\/\/archive.sana.sy\/es\/index.php?rest_route=\/wp\/v2\/posts\/235729\/revisions"}],"wp:featuredmedia":[{"embeddable":true,"href":"https:\/\/archive.sana.sy\/es\/index.php?rest_route=\/wp\/v2\/media\/235730"}],"wp:attachment":[{"href":"https:\/\/archive.sana.sy\/es\/index.php?rest_route=%2Fwp%2Fv2%2Fmedia&parent=235729"}],"wp:term":[{"taxonomy":"category","embeddable":true,"href":"https:\/\/archive.sana.sy\/es\/index.php?rest_route=%2Fwp%2Fv2%2Fcategories&post=235729"},{"taxonomy":"post_tag","embeddable":true,"href":"https:\/\/archive.sana.sy\/es\/index.php?rest_route=%2Fwp%2Fv2%2Ftags&post=235729"}],"curies":[{"name":"wp","href":"https:\/\/api.w.org\/{rel}","templated":true}]}}