{"id":235741,"date":"2022-05-27T19:42:40","date_gmt":"2022-05-27T16:42:40","guid":{"rendered":"http:\/\/107.6.182.27\/es\/?p=235741"},"modified":"2022-05-27T20:27:39","modified_gmt":"2022-05-27T17:27:39","slug":"ejercito-sirio-derriba-un-dron-de-terroristas-proturcos-en-idlib","status":"publish","type":"post","link":"https:\/\/archive.sana.sy\/es\/?p=235741","title":{"rendered":"Ej\u00e9rcito sirio derriba un dron de terroristas proturcos en Idlib"},"content":{"rendered":"<blockquote>\n<p style=\"text-align: justify;\"><span style=\"color: #ff0000;\"><strong>El dron utilizado para atacar puntos militares y localidades bajo control gubernamental, est\u00e1 equipado con tres c\u00e1maras y lleva varios proyectiles.<\/strong><\/span><\/p>\n<\/blockquote>\n<p style=\"text-align: justify;\"><span style=\"color: #800000;\"><strong>Idlib, 27 may (SANA)\u00a0 \u00a0<\/strong><\/span>El Ej\u00e9rcito \u00c1rabe Sirio que opera en el sur de la provincia Idlib neutraliz\u00f3 un dron usado por grupos terroristas mercenarios del ocupante turco.<\/p>\n<p style=\"text-align: justify;\">Una fuente militar comunic\u00f3 a SANA que los militares monitorearon un objeto a\u00e9reo hostil en el cielo sobre la localidad de Mardabsa en el sur de Idlib.<\/p>\n<p style=\"text-align: justify;\">\u201cEl aparato result\u00f3 ser un dron utilizado por las organizaciones terroristas para atacar los puntos de los uniformados sirios y localidades bajo control gubernamental\u201d, detall\u00f3 la fuente.<\/p>\n<p style=\"text-align: justify;\">Agreg\u00f3 que el dron est\u00e1 equipado con tres c\u00e1maras y lleva varios proyectiles.<\/p>\n<p style=\"text-align: justify;\">rr\/fm<\/p>\n","protected":false},"excerpt":{"rendered":"<p>El dron utilizado para atacar puntos militares y localidades bajo control gubernamental, est\u00e1 equipado con tres c\u00e1maras y lleva varios proyectiles. Idlib, 27 may (SANA)\u00a0 \u00a0El Ej\u00e9rcito \u00c1rabe Sirio que opera en el sur de la provincia Idlib neutraliz\u00f3 un dron usado por grupos terroristas mercenarios del ocupante turco. Una fuente militar comunic\u00f3 a SANA &hellip;<\/p>\n","protected":false},"author":31,"featured_media":235742,"comment_status":"closed","ping_status":"closed","sticky":false,"template":"","format":"standard","meta":{"footnotes":""},"categories":[597,573,476,583],"tags":[],"class_list":["post-235741","post","type-post","status-publish","format-standard","has-post-thumbnail","","category-cinta-de-noticias","category-la-realidad-de-los-acontecimientos-en-siria","category-locales","category-slide"],"_links":{"self":[{"href":"https:\/\/archive.sana.sy\/es\/index.php?rest_route=\/wp\/v2\/posts\/235741"}],"collection":[{"href":"https:\/\/archive.sana.sy\/es\/index.php?rest_route=\/wp\/v2\/posts"}],"about":[{"href":"https:\/\/archive.sana.sy\/es\/index.php?rest_route=\/wp\/v2\/types\/post"}],"author":[{"embeddable":true,"href":"https:\/\/archive.sana.sy\/es\/index.php?rest_route=\/wp\/v2\/users\/31"}],"replies":[{"embeddable":true,"href":"https:\/\/archive.sana.sy\/es\/index.php?rest_route=%2Fwp%2Fv2%2Fcomments&post=235741"}],"version-history":[{"count":0,"href":"https:\/\/archive.sana.sy\/es\/index.php?rest_route=\/wp\/v2\/posts\/235741\/revisions"}],"wp:featuredmedia":[{"embeddable":true,"href":"https:\/\/archive.sana.sy\/es\/index.php?rest_route=\/wp\/v2\/media\/235742"}],"wp:attachment":[{"href":"https:\/\/archive.sana.sy\/es\/index.php?rest_route=%2Fwp%2Fv2%2Fmedia&parent=235741"}],"wp:term":[{"taxonomy":"category","embeddable":true,"href":"https:\/\/archive.sana.sy\/es\/index.php?rest_route=%2Fwp%2Fv2%2Fcategories&post=235741"},{"taxonomy":"post_tag","embeddable":true,"href":"https:\/\/archive.sana.sy\/es\/index.php?rest_route=%2Fwp%2Fv2%2Ftags&post=235741"}],"curies":[{"name":"wp","href":"https:\/\/api.w.org\/{rel}","templated":true}]}}