{"id":235780,"date":"2022-05-27T22:24:21","date_gmt":"2022-05-27T19:24:21","guid":{"rendered":"http:\/\/107.6.182.27\/es\/?p=235780"},"modified":"2022-05-27T22:24:21","modified_gmt":"2022-05-27T19:24:21","slug":"bombardeo-turco-con-artilleria-contra-norte-de-hasakeh-siria","status":"publish","type":"post","link":"https:\/\/archive.sana.sy\/es\/?p=235780","title":{"rendered":"Bombardeo turco con artiller\u00eda contra norte de Hasakeh\/Siria"},"content":{"rendered":"<blockquote>\n<p style=\"text-align: justify;\"><span style=\"color: #ff0000;\"><strong>Detallaron que la agresi\u00f3n provoc\u00f3 da\u00f1os materiales en el centro de telecomunicaciones de esta localidad, en la infraestructura y las propiedades de los habitantes.<\/strong><\/span><\/p>\n<\/blockquote>\n<p style=\"text-align: justify;\">\n<p><span style=\"color: #800000;\"><strong>Hasakeh, 27 may (SANA)\u00a0 \u00a0<\/strong><\/span>Las fuerzas de la ocupaci\u00f3n turcas bombardearon este viernes la localidad de Abu Raseen en el norte de la provincia de Hasakeh.<\/p>\n<p style=\"text-align: justify;\">Activistas locales informaron a SANA que el ocupante turco lanz\u00f3 varios proyectiles de artiller\u00eda pesada contra la referida localidad y otros pueblos a su alrededor.<\/p>\n<p style=\"text-align: justify;\">Detallaron que la agresi\u00f3n provoc\u00f3 da\u00f1os materiales en el centro de telecomunicaciones de esta localidad, en la infraestructura y las propiedades de los habitantes.<\/p>\n<p style=\"text-align: justify;\">rr\/fm<\/p>\n","protected":false},"excerpt":{"rendered":"<p>Detallaron que la agresi\u00f3n provoc\u00f3 da\u00f1os materiales en el centro de telecomunicaciones de esta localidad, en la infraestructura y las propiedades de los habitantes. Hasakeh, 27 may (SANA)\u00a0 \u00a0Las fuerzas de la ocupaci\u00f3n turcas bombardearon este viernes la localidad de Abu Raseen en el norte de la provincia de Hasakeh. Activistas locales informaron a SANA &hellip;<\/p>\n","protected":false},"author":31,"featured_media":235781,"comment_status":"closed","ping_status":"closed","sticky":false,"template":"","format":"standard","meta":{"footnotes":""},"categories":[597,573,476,7541],"tags":[],"class_list":["post-235780","post","type-post","status-publish","format-standard","has-post-thumbnail","","category-cinta-de-noticias","category-la-realidad-de-los-acontecimientos-en-siria","category-locales","category-ultimas-noticias"],"_links":{"self":[{"href":"https:\/\/archive.sana.sy\/es\/index.php?rest_route=\/wp\/v2\/posts\/235780"}],"collection":[{"href":"https:\/\/archive.sana.sy\/es\/index.php?rest_route=\/wp\/v2\/posts"}],"about":[{"href":"https:\/\/archive.sana.sy\/es\/index.php?rest_route=\/wp\/v2\/types\/post"}],"author":[{"embeddable":true,"href":"https:\/\/archive.sana.sy\/es\/index.php?rest_route=\/wp\/v2\/users\/31"}],"replies":[{"embeddable":true,"href":"https:\/\/archive.sana.sy\/es\/index.php?rest_route=%2Fwp%2Fv2%2Fcomments&post=235780"}],"version-history":[{"count":0,"href":"https:\/\/archive.sana.sy\/es\/index.php?rest_route=\/wp\/v2\/posts\/235780\/revisions"}],"wp:featuredmedia":[{"embeddable":true,"href":"https:\/\/archive.sana.sy\/es\/index.php?rest_route=\/wp\/v2\/media\/235781"}],"wp:attachment":[{"href":"https:\/\/archive.sana.sy\/es\/index.php?rest_route=%2Fwp%2Fv2%2Fmedia&parent=235780"}],"wp:term":[{"taxonomy":"category","embeddable":true,"href":"https:\/\/archive.sana.sy\/es\/index.php?rest_route=%2Fwp%2Fv2%2Fcategories&post=235780"},{"taxonomy":"post_tag","embeddable":true,"href":"https:\/\/archive.sana.sy\/es\/index.php?rest_route=%2Fwp%2Fv2%2Ftags&post=235780"}],"curies":[{"name":"wp","href":"https:\/\/api.w.org\/{rel}","templated":true}]}}