{"id":235787,"date":"2022-05-28T07:37:56","date_gmt":"2022-05-28T04:37:56","guid":{"rendered":"http:\/\/107.6.182.27\/es\/?p=235787"},"modified":"2023-01-10T15:12:52","modified_gmt":"2023-01-10T13:12:52","slug":"conversaciones-sirio-iranies-sobre-la-activacion-de-la-cooperacion-industrial-y-economica","status":"publish","type":"post","link":"https:\/\/archive.sana.sy\/es\/?p=235787","title":{"rendered":"Conversaciones sirio-iran\u00edes sobre la activaci\u00f3n de la cooperaci\u00f3n industrial y econ\u00f3mica"},"content":{"rendered":"<p style=\"text-align: justify;\"><span style=\"color: #800000;\"><strong>Alepo, 28 may (SANA)\u00a0 \u00a0<\/strong><\/span>El ministro de Industria de Siria, Ziad Sabbagh, y el asesor del primer vicepresidente iran\u00ed y el representante econ\u00f3mico iran\u00ed en Damasco, Abbas Akbari, examinaron en la ciudad de Alepo las v\u00edas de activar la cooperaci\u00f3n industrial y econ\u00f3mica entre las dos naciones.<\/p>\n<p style=\"text-align: justify;\">Las dos partes acordaron determinar v\u00ednculos para el sector industrial en los dos pa\u00edses para discutir el establecimiento de proyectos de viabilidad econ\u00f3mica.<\/p>\n<p style=\"text-align: justify;\">El ministro sirio se\u00f1al\u00f3 la importancia de las relaciones econ\u00f3micas con Ir\u00e1n, y destac\u00f3 la necesidad de la coordinaci\u00f3n continua entre los dos pa\u00edses para ganar la batalla econ\u00f3mica y superar las injustas sanciones que afectan a los pa\u00edses del eje de resistencia.<\/p>\n<p style=\"text-align: justify;\">Por su parte, el titular iran\u00ed reiter\u00f3 el apoyo de su pa\u00eds a Siria y su asistencia para enfrentar la guerra econ\u00f3mica que se le impone, y destac\u00f3 la profundidad de los lazos entre ambos pa\u00edses amigos.<\/p>\n<p>sm<\/p>\n","protected":false},"excerpt":{"rendered":"<p>Alepo, 28 may (SANA)\u00a0 \u00a0El ministro de Industria de Siria, Ziad Sabbagh, y el asesor del primer vicepresidente iran\u00ed y el representante econ\u00f3mico iran\u00ed en Damasco, Abbas Akbari, examinaron en la ciudad de Alepo las v\u00edas de activar la cooperaci\u00f3n industrial y econ\u00f3mica entre las dos naciones. Las dos partes acordaron determinar v\u00ednculos para el &hellip;<\/p>\n","protected":false},"author":39,"featured_media":235788,"comment_status":"closed","ping_status":"closed","sticky":false,"template":"","format":"standard","meta":{"footnotes":""},"categories":[447,477,597,16686,485,476,7541],"tags":[],"class_list":["post-235787","post","type-post","status-publish","format-standard","has-post-thumbnail","","category-local-politica","category-noticias-edulcorantes","category-cinta-de-noticias","category-economia","category-informes-negocios-y-finanzas","category-locales","category-ultimas-noticias"],"_links":{"self":[{"href":"https:\/\/archive.sana.sy\/es\/index.php?rest_route=\/wp\/v2\/posts\/235787"}],"collection":[{"href":"https:\/\/archive.sana.sy\/es\/index.php?rest_route=\/wp\/v2\/posts"}],"about":[{"href":"https:\/\/archive.sana.sy\/es\/index.php?rest_route=\/wp\/v2\/types\/post"}],"author":[{"embeddable":true,"href":"https:\/\/archive.sana.sy\/es\/index.php?rest_route=\/wp\/v2\/users\/39"}],"replies":[{"embeddable":true,"href":"https:\/\/archive.sana.sy\/es\/index.php?rest_route=%2Fwp%2Fv2%2Fcomments&post=235787"}],"version-history":[{"count":0,"href":"https:\/\/archive.sana.sy\/es\/index.php?rest_route=\/wp\/v2\/posts\/235787\/revisions"}],"wp:featuredmedia":[{"embeddable":true,"href":"https:\/\/archive.sana.sy\/es\/index.php?rest_route=\/wp\/v2\/media\/235788"}],"wp:attachment":[{"href":"https:\/\/archive.sana.sy\/es\/index.php?rest_route=%2Fwp%2Fv2%2Fmedia&parent=235787"}],"wp:term":[{"taxonomy":"category","embeddable":true,"href":"https:\/\/archive.sana.sy\/es\/index.php?rest_route=%2Fwp%2Fv2%2Fcategories&post=235787"},{"taxonomy":"post_tag","embeddable":true,"href":"https:\/\/archive.sana.sy\/es\/index.php?rest_route=%2Fwp%2Fv2%2Ftags&post=235787"}],"curies":[{"name":"wp","href":"https:\/\/api.w.org\/{rel}","templated":true}]}}