{"id":235806,"date":"2022-05-28T09:27:31","date_gmt":"2022-05-28T06:27:31","guid":{"rendered":"http:\/\/107.6.182.27\/es\/?p=235806"},"modified":"2023-01-10T15:58:05","modified_gmt":"2023-01-10T13:58:05","slug":"ejercito-de-lugansk-frustra-ataques-ucranianos-con-misiles","status":"publish","type":"post","link":"https:\/\/archive.sana.sy\/es\/?p=235806","title":{"rendered":"Ej\u00e9rcito de Lugansk frustra ataques ucranianos con misiles"},"content":{"rendered":"<p style=\"text-align: justify;\"><span style=\"color: #800000;\"><strong>Lugansk, 28 may (SANA)\u00a0 <\/strong><\/span>Las fuerzas de la Rep\u00fablica Popular de Lugansk frustraron ataques ucranianos con misiles contra el poblado de Svatova.<\/p>\n<p style=\"text-align: justify;\">La agencia de noticias RIA Novosti cit\u00f3 al portavoz de las Fuerzas de Lugansk, Ivan Filiponenko, diciendo que las fuerzas ucranianas dispararon tres misiles &#8220;Tochka-U&#8221; contra el poblado de Svatova, todos los cuales fueron derribados por las defensas antia\u00e9reas.<\/p>\n<p style=\"text-align: justify;\">Anteriormente, la Fiscal\u00eda de Lugansk declar\u00f3 que las tropas ucranianas atacaron la mencionada localidad con misiles &#8220;Tochka-U&#8221;, lo que provoc\u00f3 la muerte de dos personas y la lesi\u00f3n de otras ocho como resultado de la explosi\u00f3n de la ojiva de racimo de uno de los misiles.<\/p>\n<p style=\"text-align: justify;\">sm<\/p>\n","protected":false},"excerpt":{"rendered":"<p>Lugansk, 28 may (SANA)\u00a0 Las fuerzas de la Rep\u00fablica Popular de Lugansk frustraron ataques ucranianos con misiles contra el poblado de Svatova. La agencia de noticias RIA Novosti cit\u00f3 al portavoz de las Fuerzas de Lugansk, Ivan Filiponenko, diciendo que las fuerzas ucranianas dispararon tres misiles &#8220;Tochka-U&#8221; contra el poblado de Svatova, todos los cuales &hellip;<\/p>\n","protected":false},"author":39,"featured_media":235807,"comment_status":"closed","ping_status":"closed","sticky":false,"template":"","format":"standard","meta":{"footnotes":""},"categories":[597,456],"tags":[],"class_list":["post-235806","post","type-post","status-publish","format-standard","has-post-thumbnail","","category-cinta-de-noticias","category-arabe-internacional-politica"],"_links":{"self":[{"href":"https:\/\/archive.sana.sy\/es\/index.php?rest_route=\/wp\/v2\/posts\/235806"}],"collection":[{"href":"https:\/\/archive.sana.sy\/es\/index.php?rest_route=\/wp\/v2\/posts"}],"about":[{"href":"https:\/\/archive.sana.sy\/es\/index.php?rest_route=\/wp\/v2\/types\/post"}],"author":[{"embeddable":true,"href":"https:\/\/archive.sana.sy\/es\/index.php?rest_route=\/wp\/v2\/users\/39"}],"replies":[{"embeddable":true,"href":"https:\/\/archive.sana.sy\/es\/index.php?rest_route=%2Fwp%2Fv2%2Fcomments&post=235806"}],"version-history":[{"count":0,"href":"https:\/\/archive.sana.sy\/es\/index.php?rest_route=\/wp\/v2\/posts\/235806\/revisions"}],"wp:featuredmedia":[{"embeddable":true,"href":"https:\/\/archive.sana.sy\/es\/index.php?rest_route=\/wp\/v2\/media\/235807"}],"wp:attachment":[{"href":"https:\/\/archive.sana.sy\/es\/index.php?rest_route=%2Fwp%2Fv2%2Fmedia&parent=235806"}],"wp:term":[{"taxonomy":"category","embeddable":true,"href":"https:\/\/archive.sana.sy\/es\/index.php?rest_route=%2Fwp%2Fv2%2Fcategories&post=235806"},{"taxonomy":"post_tag","embeddable":true,"href":"https:\/\/archive.sana.sy\/es\/index.php?rest_route=%2Fwp%2Fv2%2Ftags&post=235806"}],"curies":[{"name":"wp","href":"https:\/\/api.w.org\/{rel}","templated":true}]}}