{"id":235809,"date":"2022-05-28T09:59:51","date_gmt":"2022-05-28T06:59:51","guid":{"rendered":"http:\/\/107.6.182.27\/es\/?p=235809"},"modified":"2023-01-10T15:58:05","modified_gmt":"2023-01-10T13:58:05","slug":"cierre-de-frontera-entre-jerson-y-localidades-ucranianas-debido-a-bombardeos-del-regimen-de-kiev","status":"publish","type":"post","link":"https:\/\/archive.sana.sy\/es\/?p=235809","title":{"rendered":"Cierre de la frontera entre Jers\u00f3n y localidades ucranianas debido a bombardeos del r\u00e9gimen de Kiev"},"content":{"rendered":"<p style=\"text-align: justify;\"><span style=\"color: #800000;\"><strong>Mosc\u00fa, 28 may (SANA)\u00a0<\/strong><\/span> \u00a0El jefe adjunto de la Administraci\u00f3n Civil y Militar de la regi\u00f3n de Jers\u00f3n, Kirill Strimosov, anunci\u00f3 hoy que las fronteras de la regi\u00f3n de Jers\u00f3n que bordean las regiones ucranianas bajo el control del r\u00e9gimen de Kiev se cerraron por cuestiones de seguridad.<\/p>\n<p style=\"text-align: justify;\">&#8220;La frontera est\u00e1 cerrada por razones de seguridad\u2026Cruzar la frontera desde las localidades de Mykolaiv y Dnipropetrovsk es muy peligroso debido al incesante bombardeo de los ultranacionalistas ucranianos&#8221;, dijo Strimosov a Sputnik.<\/p>\n<p style=\"text-align: justify;\">Las fuerzas rusas completaron hace unas semanas la liberaci\u00f3n de la regi\u00f3n de Jers\u00f3n, en el sur de Ucrania, como parte de la operaci\u00f3n militar especial para proteger la regi\u00f3n de Donbass, que comenz\u00f3 el pasado 24 de febrero.<\/p>\n<p style=\"text-align: justify;\">sm<\/p>\n","protected":false},"excerpt":{"rendered":"<p>Mosc\u00fa, 28 may (SANA)\u00a0 \u00a0El jefe adjunto de la Administraci\u00f3n Civil y Militar de la regi\u00f3n de Jers\u00f3n, Kirill Strimosov, anunci\u00f3 hoy que las fronteras de la regi\u00f3n de Jers\u00f3n que bordean las regiones ucranianas bajo el control del r\u00e9gimen de Kiev se cerraron por cuestiones de seguridad. &#8220;La frontera est\u00e1 cerrada por razones de &hellip;<\/p>\n","protected":false},"author":39,"featured_media":235810,"comment_status":"closed","ping_status":"closed","sticky":false,"template":"","format":"standard","meta":{"footnotes":""},"categories":[597,456,7541],"tags":[],"class_list":["post-235809","post","type-post","status-publish","format-standard","has-post-thumbnail","","category-cinta-de-noticias","category-arabe-internacional-politica","category-ultimas-noticias"],"_links":{"self":[{"href":"https:\/\/archive.sana.sy\/es\/index.php?rest_route=\/wp\/v2\/posts\/235809"}],"collection":[{"href":"https:\/\/archive.sana.sy\/es\/index.php?rest_route=\/wp\/v2\/posts"}],"about":[{"href":"https:\/\/archive.sana.sy\/es\/index.php?rest_route=\/wp\/v2\/types\/post"}],"author":[{"embeddable":true,"href":"https:\/\/archive.sana.sy\/es\/index.php?rest_route=\/wp\/v2\/users\/39"}],"replies":[{"embeddable":true,"href":"https:\/\/archive.sana.sy\/es\/index.php?rest_route=%2Fwp%2Fv2%2Fcomments&post=235809"}],"version-history":[{"count":0,"href":"https:\/\/archive.sana.sy\/es\/index.php?rest_route=\/wp\/v2\/posts\/235809\/revisions"}],"wp:featuredmedia":[{"embeddable":true,"href":"https:\/\/archive.sana.sy\/es\/index.php?rest_route=\/wp\/v2\/media\/235810"}],"wp:attachment":[{"href":"https:\/\/archive.sana.sy\/es\/index.php?rest_route=%2Fwp%2Fv2%2Fmedia&parent=235809"}],"wp:term":[{"taxonomy":"category","embeddable":true,"href":"https:\/\/archive.sana.sy\/es\/index.php?rest_route=%2Fwp%2Fv2%2Fcategories&post=235809"},{"taxonomy":"post_tag","embeddable":true,"href":"https:\/\/archive.sana.sy\/es\/index.php?rest_route=%2Fwp%2Fv2%2Ftags&post=235809"}],"curies":[{"name":"wp","href":"https:\/\/api.w.org\/{rel}","templated":true}]}}