{"id":235869,"date":"2022-05-28T14:23:12","date_gmt":"2022-05-28T11:23:12","guid":{"rendered":"http:\/\/107.6.182.27\/es\/?p=235869"},"modified":"2022-05-28T14:23:12","modified_gmt":"2022-05-28T11:23:12","slug":"reportan-bombardeos-turcos-contra-localidades-sirias-en-la-provincia-de-raqa","status":"publish","type":"post","link":"https:\/\/archive.sana.sy\/es\/?p=235869","title":{"rendered":"Reportan bombardeos turcos contra localidades sirias en la provincia de Raqa"},"content":{"rendered":"<blockquote>\n<p style=\"text-align: justify;\"><strong><span style=\"color: #ff0000;\">Seg\u00fan comunicaron activistas locales a SANA, los militares turcos y sus t\u00edteres terroristas lanzaron, durante las \u00faltimas horas, varios proyectiles de artiller\u00eda pesada contra las \u00e1reas residencial de las referidas localidades, lo que provoc\u00f3 da\u00f1os materiales en las propiedades privadas y p\u00fablicas.<\/span><\/strong><\/p>\n<\/blockquote>\n<p style=\"text-align: justify;\"><span style=\"color: #800000;\"><strong>Raqa, 28 may (SANA)<\/strong> <\/span>Las fuerzas del ocupante turco y los terroristas que operan bajo su mando continuaron sus ataques con artiller\u00eda contra las localidades de Ain Issa y Tal Abyad y la carretera M-4 en el norte de la provincia siria de Raqa.<\/p>\n<p style=\"text-align: justify;\">Seg\u00fan comunicaron activistas locales a SANA, los militares turcos y sus t\u00edteres terroristas lanzaron, durante las \u00faltimas horas, varios proyectiles de artiller\u00eda pesada contra las \u00e1reas residencial de las referidas localidades, lo que provoc\u00f3 da\u00f1os materiales en las propiedades privadas y p\u00fablicas.<\/p>\n<p style=\"text-align: justify;\">El d\u00eda 18 de este mes en curso, terroristas apadrinados por el r\u00e9gimen de Ankara bombardearon las mencionadas localidades causando enormes p\u00e9rdidas materiales y el desplazamiento de varias familias hacia las zonas controladas por el Ej\u00e9rcito \u00c1rabe Sirio.<\/p>\n<p style=\"text-align: justify;\">sm\/fm<\/p>\n","protected":false},"excerpt":{"rendered":"<p>Seg\u00fan comunicaron activistas locales a SANA, los militares turcos y sus t\u00edteres terroristas lanzaron, durante las \u00faltimas horas, varios proyectiles de artiller\u00eda pesada contra las \u00e1reas residencial de las referidas localidades, lo que provoc\u00f3 da\u00f1os materiales en las propiedades privadas y p\u00fablicas. Raqa, 28 may (SANA) Las fuerzas del ocupante turco y los terroristas que &hellip;<\/p>\n","protected":false},"author":39,"featured_media":235870,"comment_status":"closed","ping_status":"closed","sticky":false,"template":"","format":"standard","meta":{"footnotes":""},"categories":[477,447,597,573,7541],"tags":[],"class_list":["post-235869","post","type-post","status-publish","format-standard","has-post-thumbnail","","category-noticias-edulcorantes","category-local-politica","category-cinta-de-noticias","category-la-realidad-de-los-acontecimientos-en-siria","category-ultimas-noticias"],"_links":{"self":[{"href":"https:\/\/archive.sana.sy\/es\/index.php?rest_route=\/wp\/v2\/posts\/235869"}],"collection":[{"href":"https:\/\/archive.sana.sy\/es\/index.php?rest_route=\/wp\/v2\/posts"}],"about":[{"href":"https:\/\/archive.sana.sy\/es\/index.php?rest_route=\/wp\/v2\/types\/post"}],"author":[{"embeddable":true,"href":"https:\/\/archive.sana.sy\/es\/index.php?rest_route=\/wp\/v2\/users\/39"}],"replies":[{"embeddable":true,"href":"https:\/\/archive.sana.sy\/es\/index.php?rest_route=%2Fwp%2Fv2%2Fcomments&post=235869"}],"version-history":[{"count":0,"href":"https:\/\/archive.sana.sy\/es\/index.php?rest_route=\/wp\/v2\/posts\/235869\/revisions"}],"wp:featuredmedia":[{"embeddable":true,"href":"https:\/\/archive.sana.sy\/es\/index.php?rest_route=\/wp\/v2\/media\/235870"}],"wp:attachment":[{"href":"https:\/\/archive.sana.sy\/es\/index.php?rest_route=%2Fwp%2Fv2%2Fmedia&parent=235869"}],"wp:term":[{"taxonomy":"category","embeddable":true,"href":"https:\/\/archive.sana.sy\/es\/index.php?rest_route=%2Fwp%2Fv2%2Fcategories&post=235869"},{"taxonomy":"post_tag","embeddable":true,"href":"https:\/\/archive.sana.sy\/es\/index.php?rest_route=%2Fwp%2Fv2%2Ftags&post=235869"}],"curies":[{"name":"wp","href":"https:\/\/api.w.org\/{rel}","templated":true}]}}