{"id":23587,"date":"2015-05-20T12:00:44","date_gmt":"2015-05-20T09:00:44","guid":{"rendered":"http:\/\/sana.sy\/es\/?p=23587"},"modified":"2015-05-20T12:00:44","modified_gmt":"2015-05-20T09:00:44","slug":"cs-condena-el-ataque-terrorista-contra-la-embajada-rusa-en-damasco","status":"publish","type":"post","link":"https:\/\/archive.sana.sy\/es\/?p=23587","title":{"rendered":"CS condena el ataque terrorista contra la embajada rusa en Damasco"},"content":{"rendered":"<div><span lang=\"ES-TRAD\" style=\"color: #ff0000\">Naciones Unidas, SANA<\/span><\/div>\n<div><span lang=\"ES-TRAD\">\u00a0<\/span><\/div>\n<div><span lang=\"ES-TRAD\">El Consejo de Seguridad de la ONU conden\u00f3 este mi\u00e9rcoles el ataque terrorista contra la embajada rusa en Damasco.<\/span><\/div>\n<div><span lang=\"ES-TRAD\">\u00a0<\/span><\/div>\n<div><span lang=\"ES-TRAD\">Dos proyectiles de mortero impactaron en la sede diplom\u00e1tica rusa en Damasco, provocando da\u00f1os materiales en el edificio, sin causar heridos entre el personal.<\/span><\/div>\n<div><span lang=\"ES-TRAD\">\u00a0<\/span><\/div>\n<div><span lang=\"ES-TRAD\">La embajadora de Lituania, Raymonda Murmukaita, quien preside el Consejo de Seguridad este mes, dijo que este acto terrorista provoc\u00f3 grandes p\u00e9rdidas en el edificio de la embajada&#8221;, indicando que es deber de los pa\u00edses de acogida que tomen todas las medidas adecuadas para proteger las sedes diplom\u00e1ticas y los consulados.&#8221;<\/span><\/div>\n<div><span lang=\"ES-TRAD\">\u00a0<\/span><\/div>\n<div><span lang=\"ES-TRAD\">Los 15 miembros del Consejo de Seguridad de la ONU reafirmaron la necesidad de llevar a los responsables de este acto terrorista a la justicia.<\/span><\/div>\n<div><span lang=\"ES-TRAD\">\u00a0<\/span><\/div>\n<div><span lang=\"ES-TRAD\">Por su parte, Estados Unidos conden\u00f3 el ataque contra la embajada rusa y reiter\u00f3 su llamamiento a alcanzar una soluci\u00f3n pol\u00edtica a la crisis en Siria.<\/span><\/div>\n<div><\/div>\n<div><span style=\"color: #00ccff\">Fady M., Hala B.<\/span><\/div>\n","protected":false},"excerpt":{"rendered":"<p>Naciones Unidas, SANA \u00a0 El Consejo de Seguridad de la ONU conden\u00f3 este mi\u00e9rcoles el ataque terrorista contra la embajada rusa en Damasco. \u00a0 Dos proyectiles de mortero impactaron en la sede diplom\u00e1tica rusa en Damasco, provocando da\u00f1os materiales en el edificio, sin causar heridos entre el personal. \u00a0 La embajadora de Lituania, Raymonda Murmukaita, &hellip;<\/p>\n","protected":false},"author":1,"featured_media":23588,"comment_status":"closed","ping_status":"closed","sticky":false,"template":"","format":"standard","meta":{"footnotes":""},"categories":[456,576],"tags":[5326],"class_list":["post-23587","post","type-post","status-publish","format-standard","has-post-thumbnail","","category-arabe-internacional-politica","category-noticias-politicas","tag-cs-condena-el-ataque-terrorista-contra-la-embajada-rusa-en-damasco"],"_links":{"self":[{"href":"https:\/\/archive.sana.sy\/es\/index.php?rest_route=\/wp\/v2\/posts\/23587"}],"collection":[{"href":"https:\/\/archive.sana.sy\/es\/index.php?rest_route=\/wp\/v2\/posts"}],"about":[{"href":"https:\/\/archive.sana.sy\/es\/index.php?rest_route=\/wp\/v2\/types\/post"}],"author":[{"embeddable":true,"href":"https:\/\/archive.sana.sy\/es\/index.php?rest_route=\/wp\/v2\/users\/1"}],"replies":[{"embeddable":true,"href":"https:\/\/archive.sana.sy\/es\/index.php?rest_route=%2Fwp%2Fv2%2Fcomments&post=23587"}],"version-history":[{"count":0,"href":"https:\/\/archive.sana.sy\/es\/index.php?rest_route=\/wp\/v2\/posts\/23587\/revisions"}],"wp:featuredmedia":[{"embeddable":true,"href":"https:\/\/archive.sana.sy\/es\/index.php?rest_route=\/wp\/v2\/media\/23588"}],"wp:attachment":[{"href":"https:\/\/archive.sana.sy\/es\/index.php?rest_route=%2Fwp%2Fv2%2Fmedia&parent=23587"}],"wp:term":[{"taxonomy":"category","embeddable":true,"href":"https:\/\/archive.sana.sy\/es\/index.php?rest_route=%2Fwp%2Fv2%2Fcategories&post=23587"},{"taxonomy":"post_tag","embeddable":true,"href":"https:\/\/archive.sana.sy\/es\/index.php?rest_route=%2Fwp%2Fv2%2Ftags&post=23587"}],"curies":[{"name":"wp","href":"https:\/\/api.w.org\/{rel}","templated":true}]}}