{"id":235872,"date":"2022-05-28T14:20:37","date_gmt":"2022-05-28T11:20:37","guid":{"rendered":"http:\/\/107.6.182.27\/es\/?p=235872"},"modified":"2023-01-10T15:58:04","modified_gmt":"2023-01-10T13:58:04","slug":"las-fuerzas-rusas-capturan-a-krasny-liman-y-derriban-dos-cazas-su-25-un-helicoptero-mi-8-y-18-drones-ucranianos","status":"publish","type":"post","link":"https:\/\/archive.sana.sy\/es\/?p=235872","title":{"rendered":"Las fuerzas rusas capturan a Krasny Lim\u00e1n, y derriban dos cazas Su-25, un helic\u00f3ptero Mi-8 y 18 drones ucranianos"},"content":{"rendered":"<blockquote>\n<p style=\"text-align: justify;\"><span style=\"color: #ff0000;\"><strong>La aviaci\u00f3n operacional-t\u00e1ctica rusa golpe\u00f3 seis puestos de mando, un centro de comunicaciones, cuatro dep\u00f3sitos de municiones, dos bater\u00edas Grad MLRS, as\u00ed como 50 \u00e1reas de concentraci\u00f3n militar, lo cual llev\u00f3 a la eliminaci\u00f3n de m\u00e1s de 260 ultranacionalistas.<\/strong><\/span><\/p>\n<\/blockquote>\n<p style=\"text-align: justify;\"><span style=\"color: #800000;\"><strong>Mosc\u00fa, 28 may (SANA)<\/strong><\/span>\u00a0 El Ministerio de Defensa de Rusia anunci\u00f3 hoy que la ciudad de Krasny Lim\u00e1n, ubicada al norte de la regi\u00f3n de Donetsk, ha sido completamente liberada de los ultranacionalistas ucranianos por las fuerzas rusas y las unidades de la Rep\u00fablica Popular de Donetsk.<\/p>\n<p style=\"text-align: justify;\">Krasny Lim\u00e1n tiene una poblaci\u00f3n de 20.000 habitantes y es un importante centro de tr\u00e1fico ferroviario.<\/p>\n<p style=\"text-align: justify;\">Por otro lado, misiles a\u00e9reos de alta precisi\u00f3n disparados por las Fuerzas Aeroespaciales Rusas destruyeron en el pueblo de Bajmut a un puesto de mando avanzado de la 30 brigada mecanizada de las Fuerzas Armadas de Ucrania y el puesto de mando de la brigada de defensa territorial en el pueblo de Soledar.<\/p>\n<p style=\"text-align: justify;\">Adem\u00e1s, fueron atacados cinco puestos de mando y observaci\u00f3n, 17 \u00e1reas de concentraci\u00f3n de personal y equipo militar y cuatro dep\u00f3sitos de municiones.<\/p>\n<p style=\"text-align: justify;\">De igual manera, la aviaci\u00f3n operacional-t\u00e1ctica y del ej\u00e9rcito ruso golpe\u00f3 seis puestos de mando, un centro de comunicaciones, cuatro dep\u00f3sitos de municiones, dos bater\u00edas Grad MLRS, as\u00ed como 50 \u00e1reas de concentraci\u00f3n militar, lo cual llev\u00f3 a la eliminaci\u00f3n de m\u00e1s de 260 ultranacionalistas.<\/p>\n<p style=\"text-align: justify;\">Asimismo, aviones de combate rusos derribaron en un combate a\u00e9reo a dos aviones Su-25 de la Fuerza A\u00e9rea de Ucrania en la regi\u00f3n de J\u00e1rkiv, mientras los sistemas antia\u00e9reos derribaron un helic\u00f3ptero Mi-8 y 18 aviones no tripulados ucranianos, incluido un Bayraktar TB-2.<\/p>\n<p style=\"text-align: justify;\">En el mismo contexto, un misil bal\u00edstico ucraniano Tochka-U fue interceptado y siete cohetes Smerch.<\/p>\n<p style=\"text-align: justify;\">A su vez, las fuerzas de cohetes y la artiller\u00eda alcanzaron 57 puestos de mando, 618 \u00e1reas de concentraci\u00f3n militar, 42 bater\u00edas de artiller\u00eda y morteros ucranianas, dos bater\u00edas de sistemas de cohetes de lanzamiento m\u00faltiple Grad.<\/p>\n<p style=\"text-align: justify;\">fm\/sm<\/p>\n","protected":false},"excerpt":{"rendered":"<p>La aviaci\u00f3n operacional-t\u00e1ctica rusa golpe\u00f3 seis puestos de mando, un centro de comunicaciones, cuatro dep\u00f3sitos de municiones, dos bater\u00edas Grad MLRS, as\u00ed como 50 \u00e1reas de concentraci\u00f3n militar, lo cual llev\u00f3 a la eliminaci\u00f3n de m\u00e1s de 260 ultranacionalistas. Mosc\u00fa, 28 may (SANA)\u00a0 El Ministerio de Defensa de Rusia anunci\u00f3 hoy que la ciudad de &hellip;<\/p>\n","protected":false},"author":39,"featured_media":235873,"comment_status":"closed","ping_status":"closed","sticky":false,"template":"","format":"standard","meta":{"footnotes":""},"categories":[597,456],"tags":[],"class_list":["post-235872","post","type-post","status-publish","format-standard","has-post-thumbnail","","category-cinta-de-noticias","category-arabe-internacional-politica"],"_links":{"self":[{"href":"https:\/\/archive.sana.sy\/es\/index.php?rest_route=\/wp\/v2\/posts\/235872"}],"collection":[{"href":"https:\/\/archive.sana.sy\/es\/index.php?rest_route=\/wp\/v2\/posts"}],"about":[{"href":"https:\/\/archive.sana.sy\/es\/index.php?rest_route=\/wp\/v2\/types\/post"}],"author":[{"embeddable":true,"href":"https:\/\/archive.sana.sy\/es\/index.php?rest_route=\/wp\/v2\/users\/39"}],"replies":[{"embeddable":true,"href":"https:\/\/archive.sana.sy\/es\/index.php?rest_route=%2Fwp%2Fv2%2Fcomments&post=235872"}],"version-history":[{"count":0,"href":"https:\/\/archive.sana.sy\/es\/index.php?rest_route=\/wp\/v2\/posts\/235872\/revisions"}],"wp:featuredmedia":[{"embeddable":true,"href":"https:\/\/archive.sana.sy\/es\/index.php?rest_route=\/wp\/v2\/media\/235873"}],"wp:attachment":[{"href":"https:\/\/archive.sana.sy\/es\/index.php?rest_route=%2Fwp%2Fv2%2Fmedia&parent=235872"}],"wp:term":[{"taxonomy":"category","embeddable":true,"href":"https:\/\/archive.sana.sy\/es\/index.php?rest_route=%2Fwp%2Fv2%2Fcategories&post=235872"},{"taxonomy":"post_tag","embeddable":true,"href":"https:\/\/archive.sana.sy\/es\/index.php?rest_route=%2Fwp%2Fv2%2Ftags&post=235872"}],"curies":[{"name":"wp","href":"https:\/\/api.w.org\/{rel}","templated":true}]}}