{"id":235875,"date":"2022-05-28T14:55:36","date_gmt":"2022-05-28T11:55:36","guid":{"rendered":"http:\/\/107.6.182.27\/es\/?p=235875"},"modified":"2023-01-10T15:12:52","modified_gmt":"2023-01-10T13:12:52","slug":"una-empresa-nacional-rehabilitara-la-central-electrica-de-deir-ali-con-capacidad-de-750-megavatios","status":"publish","type":"post","link":"https:\/\/archive.sana.sy\/es\/?p=235875","title":{"rendered":"Una empresa nacional rehabilitar\u00e1 la central el\u00e9ctrica de Deir Ali con capacidad de 750 megavatios"},"content":{"rendered":"<blockquote>\n<p style=\"text-align: justify;\"><span style=\"color: #ff0000;\"><strong>Finalizado el proyecto que se efectuar\u00e1 en tres fases, la instalaci\u00f3n apoyar\u00e1 el sistema el\u00e9ctrico con 750 megavatios adicionales, y en la primera fase m\u00e1s de 200 megavatios.<\/strong><\/span><\/p>\n<\/blockquote>\n<p style=\"text-align: justify;\">Damasco, 28 may (SANA) El gobierno sirio firm\u00f3 contrato de asociaci\u00f3n con una empresa nacional para rehabilitar y operar la central el\u00e9ctrica de Deir Ali, cerca de la capital Damasco.<\/p>\n<p style=\"text-align: justify;\">Finalizado el proyecto que se efectuar\u00e1 en tres fases, la instalaci\u00f3n apoyar\u00e1 el sistema el\u00e9ctrico con 750 megavatios adicionales, y en la primera fase m\u00e1s de 200 megavatios.<\/p>\n<p style=\"text-align: justify;\">El primer ministro Hussein Arnous afirm\u00f3 durante una reuni\u00f3n sostenida hoy sobre este proyecto, la necesidad de unir todos los esfuerzos y ejercer todas las capacidades disponibles para superar las dificultades, brindar todas las facilidades necesarias y trabajar de manera cient\u00edfica y t\u00e9cnica equilibrada.<\/p>\n<p style=\"text-align: justify;\">Este proyecto ser\u00e1 el primero de su tipo de se implementa de conformidad con la Ley de Asociaci\u00f3n No. 5 de 2016.<\/p>\n<p style=\"text-align: justify;\">fm\/sm<\/p>\n","protected":false},"excerpt":{"rendered":"<p>Finalizado el proyecto que se efectuar\u00e1 en tres fases, la instalaci\u00f3n apoyar\u00e1 el sistema el\u00e9ctrico con 750 megavatios adicionales, y en la primera fase m\u00e1s de 200 megavatios. Damasco, 28 may (SANA) El gobierno sirio firm\u00f3 contrato de asociaci\u00f3n con una empresa nacional para rehabilitar y operar la central el\u00e9ctrica de Deir Ali, cerca de &hellip;<\/p>\n","protected":false},"author":39,"featured_media":235876,"comment_status":"closed","ping_status":"closed","sticky":false,"template":"","format":"standard","meta":{"footnotes":""},"categories":[477,597,16686,485,476,7541],"tags":[],"class_list":["post-235875","post","type-post","status-publish","format-standard","has-post-thumbnail","","category-noticias-edulcorantes","category-cinta-de-noticias","category-economia","category-informes-negocios-y-finanzas","category-locales","category-ultimas-noticias"],"_links":{"self":[{"href":"https:\/\/archive.sana.sy\/es\/index.php?rest_route=\/wp\/v2\/posts\/235875"}],"collection":[{"href":"https:\/\/archive.sana.sy\/es\/index.php?rest_route=\/wp\/v2\/posts"}],"about":[{"href":"https:\/\/archive.sana.sy\/es\/index.php?rest_route=\/wp\/v2\/types\/post"}],"author":[{"embeddable":true,"href":"https:\/\/archive.sana.sy\/es\/index.php?rest_route=\/wp\/v2\/users\/39"}],"replies":[{"embeddable":true,"href":"https:\/\/archive.sana.sy\/es\/index.php?rest_route=%2Fwp%2Fv2%2Fcomments&post=235875"}],"version-history":[{"count":0,"href":"https:\/\/archive.sana.sy\/es\/index.php?rest_route=\/wp\/v2\/posts\/235875\/revisions"}],"wp:featuredmedia":[{"embeddable":true,"href":"https:\/\/archive.sana.sy\/es\/index.php?rest_route=\/wp\/v2\/media\/235876"}],"wp:attachment":[{"href":"https:\/\/archive.sana.sy\/es\/index.php?rest_route=%2Fwp%2Fv2%2Fmedia&parent=235875"}],"wp:term":[{"taxonomy":"category","embeddable":true,"href":"https:\/\/archive.sana.sy\/es\/index.php?rest_route=%2Fwp%2Fv2%2Fcategories&post=235875"},{"taxonomy":"post_tag","embeddable":true,"href":"https:\/\/archive.sana.sy\/es\/index.php?rest_route=%2Fwp%2Fv2%2Ftags&post=235875"}],"curies":[{"name":"wp","href":"https:\/\/api.w.org\/{rel}","templated":true}]}}