{"id":235878,"date":"2022-05-28T21:30:54","date_gmt":"2022-05-28T18:30:54","guid":{"rendered":"http:\/\/107.6.182.27\/es\/?p=235878"},"modified":"2022-05-28T21:30:32","modified_gmt":"2022-05-28T18:30:32","slug":"tribus-de-siria-condenan-amenazas-belicosos-de-turquia","status":"publish","type":"post","link":"https:\/\/archive.sana.sy\/es\/?p=235878","title":{"rendered":"Tribus de Siria condenan amenazas belicosos de Turqu\u00eda"},"content":{"rendered":"<p style=\"text-align: justify;\"><span style=\"color: #800000;\"><strong>Hasakeh, 28 may (SANA)\u00a0<\/strong><\/span>\u00a0 La Junta de Dignatarios y Notables de los Clanes y Tribus conden\u00f3 en\u00e9rgicamente las amenazas b\u00e9licas y las pr\u00e1cticas y ataques criminales de las fuerzas del ocupante turco y sus mercenarios.<\/p>\n<p style=\"text-align: justify;\">&#8220;El carnicero Erdogan est\u00e1 preparando a su ej\u00e9rcito y su pandilla de mercenarios terroristas para lanzar una nueva agresi\u00f3n contra nuestra patria Siria, con el fin de lograr sus ambiciones expansionistas y ocupar algunos de nuestros territorios&#8221;, afirm\u00f3 la Junta Tribal en una declaraci\u00f3n.<\/p>\n<p style=\"text-align: justify;\">Rechaz\u00f3 los planes militares turcos encaminado a lograr los sue\u00f1os otomanos de Erdogan de establecer una \u201czona segura\u201d que tiene como objetivo ocupar partes del territorio sirio y provocar cambio demogr\u00e1fico.<\/p>\n<p style=\"text-align: justify;\">Condenamos en\u00e9rgicamente estas amenazas, pr\u00e1cticas y ataques criminales llevados a cabo por las fuerzas de ocupaci\u00f3n turcas y sus mercenarios, y exhortamos a los comandantes de la milicia FDS que adopten nuevas pol\u00edticas lejos de los sue\u00f1os separatistas para evitar que se repita la tragedia de Afrin, Tal Abyad, Ras al-Ain y otras regiones que Ankara ocup\u00f3 por la incapacidad de esta milicia de defender y proteger estas zonas, afirmaron los clanes y tribus.<\/p>\n<p style=\"text-align: justify;\">fm<\/p>\n","protected":false},"excerpt":{"rendered":"<p>Hasakeh, 28 may (SANA)\u00a0\u00a0 La Junta de Dignatarios y Notables de los Clanes y Tribus conden\u00f3 en\u00e9rgicamente las amenazas b\u00e9licas y las pr\u00e1cticas y ataques criminales de las fuerzas del ocupante turco y sus mercenarios. &#8220;El carnicero Erdogan est\u00e1 preparando a su ej\u00e9rcito y su pandilla de mercenarios terroristas para lanzar una nueva agresi\u00f3n contra &hellip;<\/p>\n","protected":false},"author":34,"featured_media":235879,"comment_status":"closed","ping_status":"closed","sticky":false,"template":"","format":"standard","meta":{"footnotes":""},"categories":[447,477,597,476,7541],"tags":[],"class_list":["post-235878","post","type-post","status-publish","format-standard","has-post-thumbnail","","category-local-politica","category-noticias-edulcorantes","category-cinta-de-noticias","category-locales","category-ultimas-noticias"],"_links":{"self":[{"href":"https:\/\/archive.sana.sy\/es\/index.php?rest_route=\/wp\/v2\/posts\/235878"}],"collection":[{"href":"https:\/\/archive.sana.sy\/es\/index.php?rest_route=\/wp\/v2\/posts"}],"about":[{"href":"https:\/\/archive.sana.sy\/es\/index.php?rest_route=\/wp\/v2\/types\/post"}],"author":[{"embeddable":true,"href":"https:\/\/archive.sana.sy\/es\/index.php?rest_route=\/wp\/v2\/users\/34"}],"replies":[{"embeddable":true,"href":"https:\/\/archive.sana.sy\/es\/index.php?rest_route=%2Fwp%2Fv2%2Fcomments&post=235878"}],"version-history":[{"count":0,"href":"https:\/\/archive.sana.sy\/es\/index.php?rest_route=\/wp\/v2\/posts\/235878\/revisions"}],"wp:featuredmedia":[{"embeddable":true,"href":"https:\/\/archive.sana.sy\/es\/index.php?rest_route=\/wp\/v2\/media\/235879"}],"wp:attachment":[{"href":"https:\/\/archive.sana.sy\/es\/index.php?rest_route=%2Fwp%2Fv2%2Fmedia&parent=235878"}],"wp:term":[{"taxonomy":"category","embeddable":true,"href":"https:\/\/archive.sana.sy\/es\/index.php?rest_route=%2Fwp%2Fv2%2Fcategories&post=235878"},{"taxonomy":"post_tag","embeddable":true,"href":"https:\/\/archive.sana.sy\/es\/index.php?rest_route=%2Fwp%2Fv2%2Ftags&post=235878"}],"curies":[{"name":"wp","href":"https:\/\/api.w.org\/{rel}","templated":true}]}}