{"id":23590,"date":"2015-05-20T12:14:36","date_gmt":"2015-05-20T09:14:36","guid":{"rendered":"http:\/\/sana.sy\/es\/?p=23590"},"modified":"2015-05-20T12:14:36","modified_gmt":"2015-05-20T09:14:36","slug":"detenidas-10-personas-en-canada-por-intentar-unirse-al-ei","status":"publish","type":"post","link":"https:\/\/archive.sana.sy\/es\/?p=23590","title":{"rendered":"Detenidas 10 personas en Canad\u00e1 por intentar unirse al EI \u00a0"},"content":{"rendered":"<div><\/div>\n<div><span lang=\"ES-TRAD\" style=\"color: #ff0000\">Montreal, SANA<\/span><\/div>\n<div><span lang=\"ES-TRAD\">\u00a0<\/span><\/div>\n<div><span lang=\"ES-TRAD\">La polic\u00eda canadiense detuvo el fin de la semana pasada, a 10 personas en el aeropuerto de Montreal, que se sospecha de sus intenciones de unirse a la organizaci\u00f3n terrorista del Estado Isl\u00e1mico.<\/span><\/div>\n<div><span lang=\"ES-TRAD\">\u00a0<\/span><\/div>\n<div><span lang=\"ES-TRAD\">La Fuerza de Gendarmer\u00eda Real de Canad\u00e1 anunci\u00f3 en un comunicado que la polic\u00eda federal hab\u00eda efectuado una &#8220;serie de detenciones durante el fin de semana, donde arrestaron a 10 j\u00f3venes de Montreal, que planeaban salir del pa\u00eds para unirse a los grupos yihadistas.&#8221;<\/span><\/div>\n<div><span lang=\"ES-TRAD\">\u00a0<\/span><\/div>\n<div><span lang=\"ES-TRAD\">La polic\u00eda entrevist\u00f3 a los parientes y familiares de estas personas sospechosas en el contexto de la investigaci\u00f3n.<\/span><\/div>\n<div><span lang=\"ES-TRAD\">\u00a0<\/span><\/div>\n<div><span lang=\"ES-TRAD\">Los arrestos tuvieron lugar despu\u00e9s de que siete j\u00f3venes canadienses de la regi\u00f3n de Montreal hayan viajado a Turqu\u00eda y luego se dirigieron a Siria donde se unieron \u00a0a la organizaci\u00f3n terrorista del EI.<\/span><\/div>\n<div><\/div>\n<div><span style=\"color: #00ccff\">Fady., Hala B.<\/span><\/div>\n<div class=\"yj6qo ajU\">\n<div id=\":136\" class=\"ajR\"><img decoding=\"async\" class=\"ajT\" src=\"https:\/\/ssl.gstatic.com\/ui\/v1\/icons\/mail\/images\/cleardot.gif\" alt=\"\" \/><\/div>\n<\/div>\n","protected":false},"excerpt":{"rendered":"<p>Montreal, SANA \u00a0 La polic\u00eda canadiense detuvo el fin de la semana pasada, a 10 personas en el aeropuerto de Montreal, que se sospecha de sus intenciones de unirse a la organizaci\u00f3n terrorista del Estado Isl\u00e1mico. \u00a0 La Fuerza de Gendarmer\u00eda Real de Canad\u00e1 anunci\u00f3 en un comunicado que la polic\u00eda federal hab\u00eda efectuado una &hellip;<\/p>\n","protected":false},"author":1,"featured_media":23591,"comment_status":"closed","ping_status":"closed","sticky":false,"template":"","format":"standard","meta":{"footnotes":""},"categories":[456,576],"tags":[5327],"class_list":["post-23590","post","type-post","status-publish","format-standard","has-post-thumbnail","","category-arabe-internacional-politica","category-noticias-politicas","tag-detenidas-10-personas-en-canada-por-intentar-unirse-al-ei"],"_links":{"self":[{"href":"https:\/\/archive.sana.sy\/es\/index.php?rest_route=\/wp\/v2\/posts\/23590"}],"collection":[{"href":"https:\/\/archive.sana.sy\/es\/index.php?rest_route=\/wp\/v2\/posts"}],"about":[{"href":"https:\/\/archive.sana.sy\/es\/index.php?rest_route=\/wp\/v2\/types\/post"}],"author":[{"embeddable":true,"href":"https:\/\/archive.sana.sy\/es\/index.php?rest_route=\/wp\/v2\/users\/1"}],"replies":[{"embeddable":true,"href":"https:\/\/archive.sana.sy\/es\/index.php?rest_route=%2Fwp%2Fv2%2Fcomments&post=23590"}],"version-history":[{"count":0,"href":"https:\/\/archive.sana.sy\/es\/index.php?rest_route=\/wp\/v2\/posts\/23590\/revisions"}],"wp:featuredmedia":[{"embeddable":true,"href":"https:\/\/archive.sana.sy\/es\/index.php?rest_route=\/wp\/v2\/media\/23591"}],"wp:attachment":[{"href":"https:\/\/archive.sana.sy\/es\/index.php?rest_route=%2Fwp%2Fv2%2Fmedia&parent=23590"}],"wp:term":[{"taxonomy":"category","embeddable":true,"href":"https:\/\/archive.sana.sy\/es\/index.php?rest_route=%2Fwp%2Fv2%2Fcategories&post=23590"},{"taxonomy":"post_tag","embeddable":true,"href":"https:\/\/archive.sana.sy\/es\/index.php?rest_route=%2Fwp%2Fv2%2Ftags&post=23590"}],"curies":[{"name":"wp","href":"https:\/\/api.w.org\/{rel}","templated":true}]}}