{"id":23597,"date":"2015-05-20T16:31:45","date_gmt":"2015-05-20T13:31:45","guid":{"rendered":"http:\/\/sana.sy\/es\/?p=23597"},"modified":"2015-05-21T14:51:07","modified_gmt":"2015-05-21T11:51:07","slug":"al-assad-el-mas-grave-peligro-que-asecha-a-nuestra-nacion-son-los-intentos-de-golpear-la-identidad-y-la-cultura-arabe","status":"publish","type":"post","link":"https:\/\/archive.sana.sy\/es\/?p=23597","title":{"rendered":"Al-Assad: &#8220;el m\u00e1s grave peligro que asecha a nuestra naci\u00f3n son los intentos de golpear la identidad y la cultura \u00e1rabe&#8221;"},"content":{"rendered":"<div><span lang=\"ES-TRAD\" style=\"color: #ff0000\">Damasco, SANA<\/span><\/div>\n<div><span lang=\"ES-TRAD\">\u00a0<\/span><\/div>\n<div><span lang=\"ES-TRAD\">El presidente Bashar al-Assad, se reuni\u00f3 este mi\u00e9rcoles con los miembros de la Secretar\u00eda General y los jefes de las organizaciones en la Uni\u00f3n de Docentes \u00c1rabes que participan en la 19\u00aa Conferencia General de la Federaci\u00f3n que concluy\u00f3 sus labores recientemente en la capital Damasco.<\/span><\/div>\n<div><span lang=\"ES-TRAD\">\u00a0<\/span><\/div>\n<div><span lang=\"ES-TRAD\">Durante la reuni\u00f3n, el presidente al-Assad afirm\u00f3 que &#8220;el m\u00e1s grave peligro que asecha a la naci\u00f3n \u00e1rabe hoy en d\u00eda, son los intentos encaminados a golpear la identidad y la cultura \u00e1rabe&#8221;.<\/span><\/div>\n<div><span lang=\"ES-TRAD\">\u00a0<\/span><\/div>\n<div><span lang=\"ES-TRAD\">En este sentido, el presidente hizo alusi\u00f3n a la importancia del papel de las instituciones educativas y docentes, y de las distintos organizaciones en los pa\u00edses \u00e1rabes, en profundizar la identidad \u00e1rabe y preservar la lengua \u00e1rabe, adem\u00e1s de inmunizar a la generaci\u00f3n emergente contra la invasi\u00f3n cultural que consiste en el pensamiento extremista y oscurantista, que se ha convertido en una amenaza existencial para la naci\u00f3n \u00e1rabe.<\/span><\/div>\n<div><span lang=\"ES-TRAD\">\u00a0<\/span><\/div>\n<div><span lang=\"ES-TRAD\">Asimismo, subray\u00f3 la necesidad de institucionalizar el trabajo de las organizaciones populares \u00e1rabes a trav\u00e9s de la integraci\u00f3n de sus funciones y la celebraci\u00f3n de reuniones que incluyan a las diferentes organizaciones, se\u00f1alando que la importancia del papel desempe\u00f1ado por estas organizaciones se deriva del hecho que defiendan los intereses de los diferentes segmentos de la sociedad.<\/span><\/div>\n<div><span dir=\"RTL\" lang=\"AR-SY\">\u00a0<\/span><\/div>\n<div><span lang=\"ES-TRAD\">Por su parte, los representantes de los docentes \u00e1rabes se\u00f1alaron que la celebraci\u00f3n de su conferencia general en Damasco enfatiza la plena solidaridad con Siria que seg\u00fan afirmaron, enfrenta una agresi\u00f3n terrorista feroz debido a sus posturas panarabistas y su apego a la independencia de su decisi\u00f3n.<\/span><\/div>\n<div><span lang=\"ES-TRAD\">\u00a0<\/span><\/div>\n<div><span lang=\"ES-TRAD\">Asimismo, resaltaron que van a llevar a sus pa\u00edses de origen un mensaje tranquilizador de que Siria saldr\u00e1 de su crisis victoriosa y m\u00e1s fuerte gracias a los sacrificios de su pueblo y de su ej\u00e9rcito.<\/span><\/div>\n<div><\/div>\n<div><span style=\"color: #00ccff\">Fady M., Hala B.<\/span><\/div>\n<div class=\"yj6qo ajU\">\n<div id=\":118\" class=\"ajR\"><img decoding=\"async\" class=\"ajT\" src=\"https:\/\/ssl.gstatic.com\/ui\/v1\/icons\/mail\/images\/cleardot.gif\" alt=\"\" \/><\/div>\n<\/div>\n","protected":false},"excerpt":{"rendered":"<p>Damasco, SANA \u00a0 El presidente Bashar al-Assad, se reuni\u00f3 este mi\u00e9rcoles con los miembros de la Secretar\u00eda General y los jefes de las organizaciones en la Uni\u00f3n de Docentes \u00c1rabes que participan en la 19\u00aa Conferencia General de la Federaci\u00f3n que concluy\u00f3 sus labores recientemente en la capital Damasco. \u00a0 Durante la reuni\u00f3n, el presidente &hellip;<\/p>\n","protected":false},"author":1,"featured_media":23598,"comment_status":"closed","ping_status":"closed","sticky":false,"template":"","format":"standard","meta":{"footnotes":""},"categories":[626],"tags":[5329],"class_list":["post-23597","post","type-post","status-publish","format-standard","has-post-thumbnail","","category-sr-presidente","tag-al-assad-el-mas-grave-peligro-que-asecha-a-nuestra-nacion-son-los-intentos-de-golpear-la-identidad-y-la-cultura-arabe"],"_links":{"self":[{"href":"https:\/\/archive.sana.sy\/es\/index.php?rest_route=\/wp\/v2\/posts\/23597"}],"collection":[{"href":"https:\/\/archive.sana.sy\/es\/index.php?rest_route=\/wp\/v2\/posts"}],"about":[{"href":"https:\/\/archive.sana.sy\/es\/index.php?rest_route=\/wp\/v2\/types\/post"}],"author":[{"embeddable":true,"href":"https:\/\/archive.sana.sy\/es\/index.php?rest_route=\/wp\/v2\/users\/1"}],"replies":[{"embeddable":true,"href":"https:\/\/archive.sana.sy\/es\/index.php?rest_route=%2Fwp%2Fv2%2Fcomments&post=23597"}],"version-history":[{"count":0,"href":"https:\/\/archive.sana.sy\/es\/index.php?rest_route=\/wp\/v2\/posts\/23597\/revisions"}],"wp:featuredmedia":[{"embeddable":true,"href":"https:\/\/archive.sana.sy\/es\/index.php?rest_route=\/wp\/v2\/media\/23598"}],"wp:attachment":[{"href":"https:\/\/archive.sana.sy\/es\/index.php?rest_route=%2Fwp%2Fv2%2Fmedia&parent=23597"}],"wp:term":[{"taxonomy":"category","embeddable":true,"href":"https:\/\/archive.sana.sy\/es\/index.php?rest_route=%2Fwp%2Fv2%2Fcategories&post=23597"},{"taxonomy":"post_tag","embeddable":true,"href":"https:\/\/archive.sana.sy\/es\/index.php?rest_route=%2Fwp%2Fv2%2Ftags&post=23597"}],"curies":[{"name":"wp","href":"https:\/\/api.w.org\/{rel}","templated":true}]}}