{"id":23600,"date":"2015-05-20T16:43:16","date_gmt":"2015-05-20T13:43:16","guid":{"rendered":"http:\/\/sana.sy\/es\/?p=23600"},"modified":"2023-01-09T14:10:09","modified_gmt":"2023-01-09T12:10:09","slug":"ataque-con-mortero-mata-a-una-profesora-e-hiere-a-23-estudiantes","status":"publish","type":"post","link":"https:\/\/archive.sana.sy\/es\/?p=23600","title":{"rendered":"Ataque con mortero mata a una profesora e hiere a 23 estudiantes"},"content":{"rendered":"<div><span lang=\"ES-TRAD\" style=\"color: #800000\">Damasco, SANA<\/span><\/div>\n<div><span lang=\"ES-TRAD\">\u00a0<\/span><\/div>\n<div><span lang=\"ES-TRAD\">Un proyectil de mortero disparado por terroristas impact\u00f3 en una de las escuelas de Educaci\u00f3n B\u00e1sica en el barrio de al-Maliki en la capital Damasco, lo que caus\u00f3 la muerte de una profesora y heridas a varios estudiantes.<\/span><\/div>\n<div><span lang=\"ES-TRAD\">\u00a0<\/span><\/div>\n<div><span lang=\"ES-TRAD\">Una fuente en Comando de Polic\u00eda de Damasco inform\u00f3 que el ataque terrorista mat\u00f3 a una profesora e hiri\u00f3 a 23 estudiantes, adem\u00e1s de provocar da\u00f1os materiales en el edificio de la escuela.<\/span><\/div>\n<div><span lang=\"ES-TRAD\">\u00a0<\/span><\/div>\n<div><span lang=\"ES-TRAD\">Una fuente del Departamento de Salud de Damasco mencion\u00f3 que los heridos fueron trasladados a los hospitales de Mawasat y Shami, donde se les ofreci\u00f3 los servicios de tratamiento necesarios.<\/span><\/div>\n<div><\/div>\n<div>El ministro de Educaci\u00f3n, Hazwan al-Wiz visit\u00f3 a los alumnos heridos en los hospitales de Mawasat y Shami y estuvo al tanto de su estado de salud.<br \/>\n<span lang=\"ES-TRAD\">\u00a0<\/span><\/div>\n<div><span lang=\"ES-TRAD\">El Director del Departamento de Educaci\u00f3n de Damasco, Mohammad al-Mardini afirm\u00f3 que la mayor\u00eda de ellos son de sexto y s\u00e9ptimo grado, y sus ex\u00e1menes ser\u00e1n prorrogados hasta que se recuperen.<\/span><\/div>\n<div><\/div>\n<div>Al-Mardini denunci\u00f3 que este acto terrorista es un desesperado intento para detener el proceso de educaci\u00f3n.<\/div>\n<div><span lang=\"ES-TRAD\">\u00a0<\/span><\/div>\n<div><span lang=\"ES-TRAD\">Cabe resaltar que casi un mill\u00f3n de alumnos y estudiantes dese dirigieron a las escuelas este mi\u00e9rcoles para presentar sus ex\u00e1menes, en un nuevo desaf\u00edo a las organizaciones terroristas.<\/span><\/div>\n<p>En este contexto, el Consejo de Ministros denunci\u00f3 este acto cobarde en un comunicado en el que el primer ministro Wael al-Halqui se\u00f1al\u00f3 que tales acciones no lograr\u00e1n golpear la normalidad en el pa\u00eds y la voluntad de vivir de los sirios.<\/p>\n<p>Asimismo asegur\u00f3 que el proceso educativo y de producci\u00f3n continuar\u00e1, acotando que el \u201cej\u00e9rcito sirio limpiar\u00e1 el territorio sirio del terrorismo\u201d.<\/p>\n<div id='gallery-1' class='gallery galleryid-23600 gallery-columns-3 gallery-size-thumbnail'><figure class='gallery-item'>\n\t\t\t<div class='gallery-icon landscape'>\n\t\t\t\t<a href='https:\/\/archive.sana.sy\/es\/wp-content\/uploads\/2015\/05\/alumnos-heridos-2.jpg'><img loading=\"lazy\" decoding=\"async\" width=\"150\" height=\"80\" src=\"https:\/\/archive.sana.sy\/es\/wp-content\/uploads\/2015\/05\/alumnos-heridos-2-150x80.jpg\" class=\"attachment-thumbnail size-thumbnail\" alt=\"\" srcset=\"https:\/\/archive.sana.sy\/es\/wp-content\/uploads\/2015\/05\/alumnos-heridos-2-150x80.jpg 150w, https:\/\/archive.sana.sy\/es\/wp-content\/uploads\/2015\/05\/alumnos-heridos-2-300x160.jpg 300w, https:\/\/archive.sana.sy\/es\/wp-content\/uploads\/2015\/05\/alumnos-heridos-2.jpg 620w\" sizes=\"(max-width: 150px) 100vw, 150px\" \/><\/a>\n\t\t\t<\/div><\/figure><figure class='gallery-item'>\n\t\t\t<div class='gallery-icon landscape'>\n\t\t\t\t<a href='https:\/\/archive.sana.sy\/es\/wp-content\/uploads\/2015\/05\/alumnos-heridos-1.jpg'><img loading=\"lazy\" decoding=\"async\" width=\"150\" height=\"100\" src=\"https:\/\/archive.sana.sy\/es\/wp-content\/uploads\/2015\/05\/alumnos-heridos-1-150x100.jpg\" class=\"attachment-thumbnail size-thumbnail\" alt=\"\" srcset=\"https:\/\/archive.sana.sy\/es\/wp-content\/uploads\/2015\/05\/alumnos-heridos-1-150x100.jpg 150w, https:\/\/archive.sana.sy\/es\/wp-content\/uploads\/2015\/05\/alumnos-heridos-1-300x201.jpg 300w, https:\/\/archive.sana.sy\/es\/wp-content\/uploads\/2015\/05\/alumnos-heridos-1.jpg 620w\" sizes=\"(max-width: 150px) 100vw, 150px\" \/><\/a>\n\t\t\t<\/div><\/figure>\n\t\t<\/div>\n\n<div><\/div>\n<div><\/div>\n<div><span style=\"color: #000000\">Fady M., Hala B., Lynn A.<br \/>\n<\/span><\/div>\n<div class=\"yj6qo ajU\">\n<div id=\":13n\" class=\"ajR\"><span style=\"color: #000000\"><img decoding=\"async\" class=\"ajT\" src=\"https:\/\/ssl.gstatic.com\/ui\/v1\/icons\/mail\/images\/cleardot.gif\" alt=\"\" \/><\/span><\/div>\n<\/div>\n","protected":false},"excerpt":{"rendered":"<p>Damasco, SANA \u00a0 Un proyectil de mortero disparado por terroristas impact\u00f3 en una de las escuelas de Educaci\u00f3n B\u00e1sica en el barrio de al-Maliki en la capital Damasco, lo que caus\u00f3 la muerte de una profesora y heridas a varios estudiantes. \u00a0 Una fuente en Comando de Polic\u00eda de Damasco inform\u00f3 que el ataque terrorista &hellip;<\/p>\n","protected":false},"author":1,"featured_media":23619,"comment_status":"closed","ping_status":"closed","sticky":false,"template":"","format":"standard","meta":{"footnotes":""},"categories":[477,573,476],"tags":[5330],"class_list":["post-23600","post","type-post","status-publish","format-standard","has-post-thumbnail","","category-noticias-edulcorantes","category-la-realidad-de-los-acontecimientos-en-siria","category-locales","tag-ataque-con-mortero-mata-a-una-profesora-e-hiere-a-23-estudiantes"],"_links":{"self":[{"href":"https:\/\/archive.sana.sy\/es\/index.php?rest_route=\/wp\/v2\/posts\/23600"}],"collection":[{"href":"https:\/\/archive.sana.sy\/es\/index.php?rest_route=\/wp\/v2\/posts"}],"about":[{"href":"https:\/\/archive.sana.sy\/es\/index.php?rest_route=\/wp\/v2\/types\/post"}],"author":[{"embeddable":true,"href":"https:\/\/archive.sana.sy\/es\/index.php?rest_route=\/wp\/v2\/users\/1"}],"replies":[{"embeddable":true,"href":"https:\/\/archive.sana.sy\/es\/index.php?rest_route=%2Fwp%2Fv2%2Fcomments&post=23600"}],"version-history":[{"count":0,"href":"https:\/\/archive.sana.sy\/es\/index.php?rest_route=\/wp\/v2\/posts\/23600\/revisions"}],"wp:featuredmedia":[{"embeddable":true,"href":"https:\/\/archive.sana.sy\/es\/index.php?rest_route=\/wp\/v2\/media\/23619"}],"wp:attachment":[{"href":"https:\/\/archive.sana.sy\/es\/index.php?rest_route=%2Fwp%2Fv2%2Fmedia&parent=23600"}],"wp:term":[{"taxonomy":"category","embeddable":true,"href":"https:\/\/archive.sana.sy\/es\/index.php?rest_route=%2Fwp%2Fv2%2Fcategories&post=23600"},{"taxonomy":"post_tag","embeddable":true,"href":"https:\/\/archive.sana.sy\/es\/index.php?rest_route=%2Fwp%2Fv2%2Ftags&post=23600"}],"curies":[{"name":"wp","href":"https:\/\/api.w.org\/{rel}","templated":true}]}}