{"id":236086,"date":"2022-05-29T11:46:21","date_gmt":"2022-05-29T08:46:21","guid":{"rendered":"http:\/\/107.6.182.27\/es\/?p=236086"},"modified":"2023-01-10T15:58:03","modified_gmt":"2023-01-10T13:58:03","slug":"colonos-israelies-asaltan-la-sagrada-mezquita-%d8%b4l-aqsa-en-jerusalen","status":"publish","type":"post","link":"https:\/\/archive.sana.sy\/es\/?p=236086","title":{"rendered":"Colonos israel\u00edes asaltan la sagrada mezquita al-Aqsa en Jerusal\u00e9n"},"content":{"rendered":"<p style=\"text-align: justify;\"><strong><span style=\"color: #800000;\">Jerusal\u00e9n ocupada, 29 may (SANA)\u00a0<\/span><\/strong> Los colonos israel\u00edes irrumpieron en la mezquita al-Aqsa en Jerusal\u00e9n ocupada bajo protecci\u00f3n de las fuerzas de ocupaci\u00f3n israel\u00edes.<\/p>\n<p style=\"text-align: justify;\">Seg\u00fan divulg\u00f3 la agencia Ma&#8217;an, las tropas sionistas asaltaron la mezquita y rodearon los palestinos dentro de la misma y cerraron sus puertas con cadenas de hierro para facilitar los recorridos provocativos de los colonos.<\/p>\n<p style=\"text-align: justify;\">Sobre las agresiones israel\u00edes, el Ministerio de Relaciones Exteriores palestino subray\u00f3 la necesidad de tomar una acci\u00f3n internacional inmediata para detener los ataques diarios del ocupante contra los palestinos.<\/p>\n<p style=\"text-align: justify;\">ed\/fm<\/p>\n","protected":false},"excerpt":{"rendered":"<p>Jerusal\u00e9n ocupada, 29 may (SANA)\u00a0 Los colonos israel\u00edes irrumpieron en la mezquita al-Aqsa en Jerusal\u00e9n ocupada bajo protecci\u00f3n de las fuerzas de ocupaci\u00f3n israel\u00edes. Seg\u00fan divulg\u00f3 la agencia Ma&#8217;an, las tropas sionistas asaltaron la mezquita y rodearon los palestinos dentro de la misma y cerraron sus puertas con cadenas de hierro para facilitar los recorridos &hellip;<\/p>\n","protected":false},"author":32,"featured_media":236087,"comment_status":"closed","ping_status":"closed","sticky":false,"template":"","format":"standard","meta":{"footnotes":""},"categories":[597,456,7541],"tags":[],"class_list":["post-236086","post","type-post","status-publish","format-standard","has-post-thumbnail","","category-cinta-de-noticias","category-arabe-internacional-politica","category-ultimas-noticias"],"_links":{"self":[{"href":"https:\/\/archive.sana.sy\/es\/index.php?rest_route=\/wp\/v2\/posts\/236086"}],"collection":[{"href":"https:\/\/archive.sana.sy\/es\/index.php?rest_route=\/wp\/v2\/posts"}],"about":[{"href":"https:\/\/archive.sana.sy\/es\/index.php?rest_route=\/wp\/v2\/types\/post"}],"author":[{"embeddable":true,"href":"https:\/\/archive.sana.sy\/es\/index.php?rest_route=\/wp\/v2\/users\/32"}],"replies":[{"embeddable":true,"href":"https:\/\/archive.sana.sy\/es\/index.php?rest_route=%2Fwp%2Fv2%2Fcomments&post=236086"}],"version-history":[{"count":0,"href":"https:\/\/archive.sana.sy\/es\/index.php?rest_route=\/wp\/v2\/posts\/236086\/revisions"}],"wp:featuredmedia":[{"embeddable":true,"href":"https:\/\/archive.sana.sy\/es\/index.php?rest_route=\/wp\/v2\/media\/236087"}],"wp:attachment":[{"href":"https:\/\/archive.sana.sy\/es\/index.php?rest_route=%2Fwp%2Fv2%2Fmedia&parent=236086"}],"wp:term":[{"taxonomy":"category","embeddable":true,"href":"https:\/\/archive.sana.sy\/es\/index.php?rest_route=%2Fwp%2Fv2%2Fcategories&post=236086"},{"taxonomy":"post_tag","embeddable":true,"href":"https:\/\/archive.sana.sy\/es\/index.php?rest_route=%2Fwp%2Fv2%2Ftags&post=236086"}],"curies":[{"name":"wp","href":"https:\/\/api.w.org\/{rel}","templated":true}]}}