{"id":236123,"date":"2022-05-29T13:37:03","date_gmt":"2022-05-29T10:37:03","guid":{"rendered":"http:\/\/107.6.182.27\/es\/?p=236123"},"modified":"2022-05-29T13:51:27","modified_gmt":"2022-05-29T10:51:27","slug":"los-bombardeos-turcos-continuan-contra-tel-temer-y-abu-raseen-en-el-norte-de-siria","status":"publish","type":"post","link":"https:\/\/archive.sana.sy\/es\/?p=236123","title":{"rendered":"Los bombardeos turcos contin\u00faan contra Tel Temer y Abu Raseen en el norte de Siria"},"content":{"rendered":"<blockquote>\n<p style=\"text-align: justify;\"><strong>Seg\u00fan los activistas, los aviones de reconocimiento turcos sobrevuelan las zonas a lo largo de las l\u00edneas de frente que separan los puntos de concentraci\u00f3n del Ej\u00e9rcito \u00c1rabe Sirio y los puestos de las fuerzas del ocupante turco.<\/strong><\/p>\n<\/blockquote>\n<p style=\"text-align: justify;\"><strong><span style=\"color: #800000;\">Hasakeh, 29 may (SANA)\u00a0<\/span><\/strong>\u00a0 \u00a0Las fuerzas de ocupaci\u00f3n turcas y los terroristas apadrinandos por las mismas atacaron con artiller\u00eda pesada y cohetes las localidades de Abu Raseen y Tel Temer en el oeste de la provincia de Hasakeh.<\/p>\n<p style=\"text-align: justify;\">Seg\u00fan informaron fuentes locales, los ataques provocaron la destrucci\u00f3n de una parte de la sede del Banco Agr\u00edcola y da\u00f1os materiales en las viviendas de varios ciudadanos.<\/p>\n<p style=\"text-align: justify;\">Desde su base ilegal en el pueblo de Mahmudiyah, las tropas trucas bombardearon con el fuego de la artiller\u00eda el pueblo de Al-Aghibish, lo que provoc\u00f3 p\u00e9rdidas materiales.<\/p>\n<p style=\"text-align: justify;\">Seg\u00fan los activistas, los aviones de reconocimiento turcos sobrevuelan las zonas a lo largo de las l\u00edneas de frente que separan los puntos de concentraci\u00f3n del Ej\u00e9rcito \u00c1rabe Sirio y los puestos de las fuerzas del ocupante turco.<\/p>\n<p style=\"text-align: justify;\">ed\/fm<\/p>\n","protected":false},"excerpt":{"rendered":"<p>Seg\u00fan los activistas, los aviones de reconocimiento turcos sobrevuelan las zonas a lo largo de las l\u00edneas de frente que separan los puntos de concentraci\u00f3n del Ej\u00e9rcito \u00c1rabe Sirio y los puestos de las fuerzas del ocupante turco. Hasakeh, 29 may (SANA)\u00a0\u00a0 \u00a0Las fuerzas de ocupaci\u00f3n turcas y los terroristas apadrinandos por las mismas atacaron &hellip;<\/p>\n","protected":false},"author":32,"featured_media":236124,"comment_status":"closed","ping_status":"closed","sticky":false,"template":"","format":"standard","meta":{"footnotes":""},"categories":[477,447,597,476,7541],"tags":[],"class_list":["post-236123","post","type-post","status-publish","format-standard","has-post-thumbnail","","category-noticias-edulcorantes","category-local-politica","category-cinta-de-noticias","category-locales","category-ultimas-noticias"],"_links":{"self":[{"href":"https:\/\/archive.sana.sy\/es\/index.php?rest_route=\/wp\/v2\/posts\/236123"}],"collection":[{"href":"https:\/\/archive.sana.sy\/es\/index.php?rest_route=\/wp\/v2\/posts"}],"about":[{"href":"https:\/\/archive.sana.sy\/es\/index.php?rest_route=\/wp\/v2\/types\/post"}],"author":[{"embeddable":true,"href":"https:\/\/archive.sana.sy\/es\/index.php?rest_route=\/wp\/v2\/users\/32"}],"replies":[{"embeddable":true,"href":"https:\/\/archive.sana.sy\/es\/index.php?rest_route=%2Fwp%2Fv2%2Fcomments&post=236123"}],"version-history":[{"count":0,"href":"https:\/\/archive.sana.sy\/es\/index.php?rest_route=\/wp\/v2\/posts\/236123\/revisions"}],"wp:featuredmedia":[{"embeddable":true,"href":"https:\/\/archive.sana.sy\/es\/index.php?rest_route=\/wp\/v2\/media\/236124"}],"wp:attachment":[{"href":"https:\/\/archive.sana.sy\/es\/index.php?rest_route=%2Fwp%2Fv2%2Fmedia&parent=236123"}],"wp:term":[{"taxonomy":"category","embeddable":true,"href":"https:\/\/archive.sana.sy\/es\/index.php?rest_route=%2Fwp%2Fv2%2Fcategories&post=236123"},{"taxonomy":"post_tag","embeddable":true,"href":"https:\/\/archive.sana.sy\/es\/index.php?rest_route=%2Fwp%2Fv2%2Ftags&post=236123"}],"curies":[{"name":"wp","href":"https:\/\/api.w.org\/{rel}","templated":true}]}}