{"id":23630,"date":"2015-05-20T12:37:04","date_gmt":"2015-05-20T09:37:04","guid":{"rendered":"http:\/\/www.sana.sy\/es\/?p=23630"},"modified":"2015-05-20T17:43:23","modified_gmt":"2015-05-20T14:43:23","slug":"47-paises-europeos-firman-una-resolucion-que-exige-enjuiciar-a-los-terroristas-europeos-que-volvieron-de-siria-e-irak","status":"publish","type":"post","link":"https:\/\/archive.sana.sy\/es\/?p=23630","title":{"rendered":"47 pa\u00edses europeos firman una resoluci\u00f3n que exige enjuiciar a los terroristas europeos que volvieron de Siria e Irak"},"content":{"rendered":"<p><span style=\"color: #800000\">Viena, SANA<\/span><\/p>\n<p>Austria firm\u00f3 una resoluci\u00f3n europea que exige enjuiciar a todos los ciudadanos europeos que volvieron de Siria e Irak despu\u00e9s de haber combatido entre la filas de las organizaciones terroristas que operan en dichas naciones.<\/p>\n<p>El sitio web \u201cVienna.at\u201d se\u00f1al\u00f3 que esta resoluci\u00f3n aprobada por 47 pa\u00edses europeos en Bruselas ayer obliga a los pa\u00edses que la firmaron a tomar medidas m\u00e1s firmes en materia de la lucha contra el terrorismo, entre los cuales perseguir a los terroristas quienes participaron en acciones terroristas o se sumaron a campamentos de entrenamiento para los terroristas en Siria e Irak, y remeterles al juicio para incriminarles.<\/p>\n<p>Asimismo esta resoluci\u00f3n estipula adoptar medidas eficaces para erradicar al extremismo y sus fuentes, sobre todo en las escuelas, las c\u00e1rceles y las redes de internet.<\/p>\n<p>La resoluci\u00f3n fue suscrita por la mayor\u00eda de los estados del Consejo Europeo, adem\u00e1s de pa\u00edses no miembros de la Uni\u00f3n Europea como Rusia y Ucrania con la presencia del canciller ruso, Serguei Lavrov.<br \/>\nEs de se\u00f1alar que los aparatos de inteligencia europeos estiman en 5 mil la cifra de los ciudadanos europeos que se sumaron a la organizaci\u00f3n terroristas del Estado Isl\u00e1mico en Siria e Irak.<\/p>\n<p>Lynn A.<\/p>\n","protected":false},"excerpt":{"rendered":"<p>Viena, SANA Austria firm\u00f3 una resoluci\u00f3n europea que exige enjuiciar a todos los ciudadanos europeos que volvieron de Siria e Irak despu\u00e9s de haber combatido entre la filas de las organizaciones terroristas que operan en dichas naciones. El sitio web \u201cVienna.at\u201d se\u00f1al\u00f3 que esta resoluci\u00f3n aprobada por 47 pa\u00edses europeos en Bruselas ayer obliga a &hellip;<\/p>\n","protected":false},"author":24,"featured_media":17052,"comment_status":"closed","ping_status":"closed","sticky":false,"template":"","format":"standard","meta":{"footnotes":""},"categories":[555,456,457,576],"tags":[5334],"class_list":["post-23630","post","type-post","status-publish","format-standard","has-post-thumbnail","","category-prensa","category-arabe-internacional-politica","category-noticias-arabe-internacional-politica","category-noticias-politicas","tag-47-paises-europeos-firman-una-resolucion-que-exige-enjuiciar-a-los-terroristas-europeos-que-volvieron-de-siria-e-irak"],"_links":{"self":[{"href":"https:\/\/archive.sana.sy\/es\/index.php?rest_route=\/wp\/v2\/posts\/23630"}],"collection":[{"href":"https:\/\/archive.sana.sy\/es\/index.php?rest_route=\/wp\/v2\/posts"}],"about":[{"href":"https:\/\/archive.sana.sy\/es\/index.php?rest_route=\/wp\/v2\/types\/post"}],"author":[{"embeddable":true,"href":"https:\/\/archive.sana.sy\/es\/index.php?rest_route=\/wp\/v2\/users\/24"}],"replies":[{"embeddable":true,"href":"https:\/\/archive.sana.sy\/es\/index.php?rest_route=%2Fwp%2Fv2%2Fcomments&post=23630"}],"version-history":[{"count":0,"href":"https:\/\/archive.sana.sy\/es\/index.php?rest_route=\/wp\/v2\/posts\/23630\/revisions"}],"wp:featuredmedia":[{"embeddable":true,"href":"https:\/\/archive.sana.sy\/es\/index.php?rest_route=\/wp\/v2\/media\/17052"}],"wp:attachment":[{"href":"https:\/\/archive.sana.sy\/es\/index.php?rest_route=%2Fwp%2Fv2%2Fmedia&parent=23630"}],"wp:term":[{"taxonomy":"category","embeddable":true,"href":"https:\/\/archive.sana.sy\/es\/index.php?rest_route=%2Fwp%2Fv2%2Fcategories&post=23630"},{"taxonomy":"post_tag","embeddable":true,"href":"https:\/\/archive.sana.sy\/es\/index.php?rest_route=%2Fwp%2Fv2%2Ftags&post=23630"}],"curies":[{"name":"wp","href":"https:\/\/api.w.org\/{rel}","templated":true}]}}