{"id":236328,"date":"2022-05-30T16:22:01","date_gmt":"2022-05-30T13:22:01","guid":{"rendered":"http:\/\/107.6.182.27\/es\/?p=236328"},"modified":"2022-05-30T16:22:01","modified_gmt":"2022-05-30T13:22:01","slug":"la-otan-y-los-retos-de-la-expansion","status":"publish","type":"post","link":"https:\/\/archive.sana.sy\/es\/?p=236328","title":{"rendered":"La OTAN y los retos de la expansi\u00f3n"},"content":{"rendered":"<blockquote><p><span style=\"color: #800000;\"><strong>Una de las primeras v\u00edctimas de la expansi\u00f3n de la alianza atl\u00e1ntica en esta ocasi\u00f3n es el concepto mismo de la neutralidad. En el caso de Finlandia lo hizo desde 1948, en un esfuerzo por evitar cualquier otra confrontaci\u00f3n, en especial, con la Uni\u00f3n Sovi\u00e9tica.<\/strong><\/span><\/p><\/blockquote>\n<p style=\"text-align: justify;\"><span style=\"color: #800000;\"><strong>Damasco, 30 may (SANA)<\/strong><\/span> La expansi\u00f3n al este de la Organizaci\u00f3n del Tratado del Atl\u00e1ntico Norte (OTAN), con el ingreso de Finlandia y Suecia, plantea nuevos retos a la regi\u00f3n y al mundo, en medio de la oposici\u00f3n a ese proceso de Rusia.<\/p>\n<p style=\"text-align: justify;\">Una de las primeras v\u00edctimas de la expansi\u00f3n de la alianza atl\u00e1ntica en esta ocasi\u00f3n es el concepto mismo de la neutralidad. En el caso de Finlandia lo hizo desde 1948, en un esfuerzo por evitar cualquier otra confrontaci\u00f3n, en especial, con la Uni\u00f3n Sovi\u00e9tica.<\/p>\n<p style=\"text-align: justify;\">Para Helsinki, fueron d\u00e9cadas de paz garantizada con el estatus neutral, mientras que Suecia lo convirti\u00f3 en casi una divisa y un sello para el mundo desde el siglo XIX que le vali\u00f3 para quedar fuera de muchas de las complicaciones de la II Guerra Mundial y el fascismo nazi.<\/p>\n<p style=\"text-align: justify;\">Sin embargo, los conceptos de pacifismo que guiaron a esas dos naciones n\u00f3rdicas parecieron olvidarse en los \u00faltimos a\u00f1os, para ceder a una voluntad impuesta desde afuera, en especial desde Estados Unidos.<\/p>\n<p style=\"text-align: justify;\">Ello, entre otras causas, llev\u00f3 al gobierno fin\u00e9s a aumentar los gastos militares a un dos por ciento de su Producto Interno Bruto, algo que varios pa\u00edses europeos con econom\u00edas m\u00e1s poderosas no lo hicieron en el pasado, como el caso de Alemania.<\/p>\n<p style=\"text-align: justify;\">Suecia y Finlandia eran invitados frecuentes a grandes maniobras militares de la OTAN, con participaci\u00f3n, en ocasiones, de hasta 30 mil militares del pacto b\u00e9lico, creado en 1949.<\/p>\n<p style=\"text-align: justify;\">En los \u00faltimos a\u00f1os, pa\u00edses de la OTAN como Estados Unidos, Reino Unido y Dinamarca, realizaron provocaciones con empleo de aviones de combate y buques de guerra en el mar B\u00e1ltico, el mar del Norte y el mar Negro, en todo el l\u00edmite de la frontera rusa.<\/p>\n<p style=\"text-align: justify;\">Pero una cosa es participar espor\u00e1dicamente y otra la de asumir el compromiso de formar parte de la OTAN, con el reto de anidar en sus respectivos territorios a tropas y medios de combate de esa alianza que ahora contar\u00eda con 30 pa\u00edses, consideran analistas.<\/p>\n<p style=\"text-align: justify;\">Finlandia y Suecia podr\u00edan afrontar dilemas con su estatus no nuclear, en caso de que los aliados del pacto militar decidan situar all\u00ed armas de destrucci\u00f3n masiva, como parte del creciente cerco que forma en torno a Rusia, estiman expertos citados por el diario ruso Izvestia.<\/p>\n<p style=\"text-align: justify;\">La pol\u00e9mica interna dentro de los mencionados pa\u00edses, con larga historia de movimientos antibelicistas, podr\u00eda ser una de las causas que llev\u00f3 a sus gobiernos a evitar un referendo sobre el ingreso a la OTAN y a sustituirlo por una mera votaci\u00f3n parlamentaria, estima el rotativo.<\/p>\n<p style=\"text-align: justify;\">La entrada de Finlandia y Suecia, que tomaron su decisi\u00f3n en medio de una operaci\u00f3n militar en Ucrania, lanzada en febrero pasado por Rusia, llevar\u00eda la frontera a compartir por la OTAN con ese gigante euroasi\u00e1tico de los actuales mil 215 kil\u00f3metros a dos mil 600, m\u00e1s del doble.<\/p>\n<p style=\"text-align: justify;\">El reto no solo ser\u00eda para Mosc\u00fa, que ya anunci\u00f3 la necesidad de crear unidades para reforzar su frontera norte, en caso de un ingreso de sus vecinos n\u00f3rdicos, sino tambi\u00e9n para la propia OTAN, que asumir\u00e1 nuevas \u00e1reas de riesgo de confrontaci\u00f3n, incluida la nuclear, con Rusia.<\/p>\n<p style=\"text-align: justify;\">Por otro lado, el camino al ingreso de las mencionadas naciones aparece empedrado con la posici\u00f3n de Turqu\u00eda de plantear exigencias previas, antes de dar su consentimiento.<\/p>\n<p style=\"text-align: justify;\">Ankara considera que Suecia y Finlandia son para\u00edsos para el refugio de dirigentes kurdos y miembros de sus formaciones armadas, las cuales son consideradas terroristas por el pa\u00eds euroasi\u00e1tico, aunque ello no coincida, precisamente, con los calificativos del resto del orbe.<\/p>\n<p style=\"text-align: justify;\">En 2019, Helsinki y Estocolmo se unieron al embargo de armas a Turqu\u00eda como represalia por los ataques del ej\u00e9rcito de ese pa\u00eds a grupos armados kurdos en el norte de Siria, aunque en ese caso pocos hicieron referencia a la necesidad de respetar la propia integridad territorial siria.<\/p>\n<p style=\"text-align: justify;\">Adem\u00e1s, el gobierno del presidente Recep Tayyip Erdogan tambi\u00e9n exige que los citados estados n\u00f3rdicos expresen un claro rechazo a la acogida de partidarios del cl\u00e9rigo musulm\u00e1n Fatullah Gull, establecido en Estados Unidos y a quien responsabiliza con un fallido golpe de estado en 2016.<\/p>\n<p style=\"text-align: justify;\">Todos esos t\u00f3picos, incluido el del inicio de una hipot\u00e9tica colaboraci\u00f3n en materia de lucha antiterrorista, deben quedar reflejados por escrito, de lo contrario la respuesta de Ankara ser\u00e1 no y todos conocen que las decisiones de la alianza atl\u00e1ntica se toman por consenso.<\/p>\n<p style=\"text-align: justify;\">El caso turco se une a las ya existentes rivalidades y diferendos entre los miembros de la OTAN. Grecia protest\u00f3 recientemente por la presencia militar turca en una zona que Atenas considera es parte de su zona de responsabilidad econ\u00f3mica, en el mar Mediterr\u00e1neo.<\/p>\n<p style=\"text-align: justify;\">De su lado, Estados Unidos impuso sanciones a Turqu\u00eda por su decisi\u00f3n de adquirir los sistemas antia\u00e9reos rusos S-400.<\/p>\n<p style=\"text-align: justify;\">As\u00ed, Helsinki y Estocolmo buscar\u00e1n aumentar las filas de una organizaci\u00f3n que parece plantearse metas para actuar como polic\u00eda global, por encima de preceptos de la ONU y en medio de una creciente oposici\u00f3n en el orbe a los intentos de Washington de imponer su hegemon\u00eda.<\/p>\n<p><strong>Fuente: Prensa Latina<\/strong><\/p>\n","protected":false},"excerpt":{"rendered":"<p>Una de las primeras v\u00edctimas de la expansi\u00f3n de la alianza atl\u00e1ntica en esta ocasi\u00f3n es el concepto mismo de la neutralidad. En el caso de Finlandia lo hizo desde 1948, en un esfuerzo por evitar cualquier otra confrontaci\u00f3n, en especial, con la Uni\u00f3n Sovi\u00e9tica. Damasco, 30 may (SANA) La expansi\u00f3n al este de la &hellip;<\/p>\n","protected":false},"author":36,"featured_media":236329,"comment_status":"closed","ping_status":"closed","sticky":false,"template":"","format":"standard","meta":{"footnotes":""},"categories":[16929,597,583],"tags":[],"class_list":["post-236328","post","type-post","status-publish","format-standard","has-post-thumbnail","","category-articulos-de-opinion","category-cinta-de-noticias","category-slide"],"_links":{"self":[{"href":"https:\/\/archive.sana.sy\/es\/index.php?rest_route=\/wp\/v2\/posts\/236328"}],"collection":[{"href":"https:\/\/archive.sana.sy\/es\/index.php?rest_route=\/wp\/v2\/posts"}],"about":[{"href":"https:\/\/archive.sana.sy\/es\/index.php?rest_route=\/wp\/v2\/types\/post"}],"author":[{"embeddable":true,"href":"https:\/\/archive.sana.sy\/es\/index.php?rest_route=\/wp\/v2\/users\/36"}],"replies":[{"embeddable":true,"href":"https:\/\/archive.sana.sy\/es\/index.php?rest_route=%2Fwp%2Fv2%2Fcomments&post=236328"}],"version-history":[{"count":0,"href":"https:\/\/archive.sana.sy\/es\/index.php?rest_route=\/wp\/v2\/posts\/236328\/revisions"}],"wp:featuredmedia":[{"embeddable":true,"href":"https:\/\/archive.sana.sy\/es\/index.php?rest_route=\/wp\/v2\/media\/236329"}],"wp:attachment":[{"href":"https:\/\/archive.sana.sy\/es\/index.php?rest_route=%2Fwp%2Fv2%2Fmedia&parent=236328"}],"wp:term":[{"taxonomy":"category","embeddable":true,"href":"https:\/\/archive.sana.sy\/es\/index.php?rest_route=%2Fwp%2Fv2%2Fcategories&post=236328"},{"taxonomy":"post_tag","embeddable":true,"href":"https:\/\/archive.sana.sy\/es\/index.php?rest_route=%2Fwp%2Fv2%2Ftags&post=236328"}],"curies":[{"name":"wp","href":"https:\/\/api.w.org\/{rel}","templated":true}]}}