{"id":236336,"date":"2022-05-30T16:53:17","date_gmt":"2022-05-30T13:53:17","guid":{"rendered":"http:\/\/107.6.182.27\/es\/?p=236336"},"modified":"2023-01-10T15:58:00","modified_gmt":"2023-01-10T13:58:00","slug":"republica-de-donetsk-anuncia-el-numero-de-prisioneros-de-guerra-ucranianos-en-la-planta-de-azovstal","status":"publish","type":"post","link":"https:\/\/archive.sana.sy\/es\/?p=236336","title":{"rendered":"Rep\u00fablica de Donetsk anuncia el n\u00famero de prisioneros de guerra ucranianos en la planta de Azovstal"},"content":{"rendered":"<p style=\"text-align: justify;\"><span style=\"color: #800000;\"><strong>Donetsk, 30 may (SANA)<\/strong><\/span> El ministro de Justicia de la Rep\u00fablica Popular de Donetsk, Yuri Serovatko, anunci\u00f3 que hay 2.300 prisioneros de guerra de los que estaban atrincherados en la planta de Azovstal en la ciudad de Mari\u00fapol.<\/p>\n<p style=\"text-align: justify;\">Serovatko dijo hoy en una entrevista televisiva que \u201ctodos los prisioneros de guerra de los batallones nazis y las fuerzas ucranianas se encuentran en el territorio de la rep\u00fablica\u201d.<\/p>\n<p style=\"text-align: justify;\">Se\u00f1al\u00f3 que los prisioneros son tratados como prisioneros de guerra.<\/p>\n<p style=\"text-align: justify;\">El 20 de este mes, el Ministerio de Defensa ruso anunci\u00f3 la liberaci\u00f3n de todo el territorio de la planta sider\u00fargica Azovstal, incluidas las instalaciones subterr\u00e1neas donde se escond\u00edan soldados ucranianos y combatientes de la Brigada Nazi Azov.<\/p>\n<p>&nbsp;<\/p>\n<p>fm\/mm<\/p>\n","protected":false},"excerpt":{"rendered":"<p>Donetsk, 30 may (SANA) El ministro de Justicia de la Rep\u00fablica Popular de Donetsk, Yuri Serovatko, anunci\u00f3 que hay 2.300 prisioneros de guerra de los que estaban atrincherados en la planta de Azovstal en la ciudad de Mari\u00fapol. Serovatko dijo hoy en una entrevista televisiva que \u201ctodos los prisioneros de guerra de los batallones nazis &hellip;<\/p>\n","protected":false},"author":36,"featured_media":236337,"comment_status":"closed","ping_status":"closed","sticky":false,"template":"","format":"standard","meta":{"footnotes":""},"categories":[597,456,457],"tags":[],"class_list":["post-236336","post","type-post","status-publish","format-standard","has-post-thumbnail","","category-cinta-de-noticias","category-arabe-internacional-politica","category-noticias-arabe-internacional-politica"],"_links":{"self":[{"href":"https:\/\/archive.sana.sy\/es\/index.php?rest_route=\/wp\/v2\/posts\/236336"}],"collection":[{"href":"https:\/\/archive.sana.sy\/es\/index.php?rest_route=\/wp\/v2\/posts"}],"about":[{"href":"https:\/\/archive.sana.sy\/es\/index.php?rest_route=\/wp\/v2\/types\/post"}],"author":[{"embeddable":true,"href":"https:\/\/archive.sana.sy\/es\/index.php?rest_route=\/wp\/v2\/users\/36"}],"replies":[{"embeddable":true,"href":"https:\/\/archive.sana.sy\/es\/index.php?rest_route=%2Fwp%2Fv2%2Fcomments&post=236336"}],"version-history":[{"count":0,"href":"https:\/\/archive.sana.sy\/es\/index.php?rest_route=\/wp\/v2\/posts\/236336\/revisions"}],"wp:featuredmedia":[{"embeddable":true,"href":"https:\/\/archive.sana.sy\/es\/index.php?rest_route=\/wp\/v2\/media\/236337"}],"wp:attachment":[{"href":"https:\/\/archive.sana.sy\/es\/index.php?rest_route=%2Fwp%2Fv2%2Fmedia&parent=236336"}],"wp:term":[{"taxonomy":"category","embeddable":true,"href":"https:\/\/archive.sana.sy\/es\/index.php?rest_route=%2Fwp%2Fv2%2Fcategories&post=236336"},{"taxonomy":"post_tag","embeddable":true,"href":"https:\/\/archive.sana.sy\/es\/index.php?rest_route=%2Fwp%2Fv2%2Ftags&post=236336"}],"curies":[{"name":"wp","href":"https:\/\/api.w.org\/{rel}","templated":true}]}}