{"id":236339,"date":"2022-05-30T17:10:57","date_gmt":"2022-05-30T14:10:57","guid":{"rendered":"http:\/\/107.6.182.27\/es\/?p=236339"},"modified":"2022-05-30T17:11:12","modified_gmt":"2022-05-30T14:11:12","slug":"conversaciones-sirio-iranies-conversaciones-sobre-el-medio-ambiente","status":"publish","type":"post","link":"https:\/\/archive.sana.sy\/es\/?p=236339","title":{"rendered":"Conversaciones sirio-iran\u00edes sobre el medio ambiente"},"content":{"rendered":"<p style=\"text-align: justify;\"><span style=\"color: #800000;\"><strong>Damasco, 30 may (SANA)<\/strong> <\/span>El Ministro de Administraci\u00f3n Local y Medio Ambiente, Hussein Makhlouf, discuti\u00f3 con el vicepresidente de la Rep\u00fablica Isl\u00e1mica de Ir\u00e1n, Jefe de la Organizaci\u00f3n de Protecci\u00f3n Ambiental, Ali Salajka, formas de desarrollar la cooperaci\u00f3n en el campo ambiental y trabajar para combatir el fen\u00f3meno de las dunas de arena y las tormentas de arena que comenzaron a azotar la regi\u00f3n como consecuencia del cambio clim\u00e1tico.<\/p>\n<p style=\"text-align: justify;\">El ministro Makhlouf explic\u00f3 en declaraciones a los periodistas que, a trav\u00e9s de conversaciones con la parte iran\u00ed, se trabaja para fortalecer lo iniciado desde 2006 en el campo ambiental y llegar a un programa ejecutivo que permita aprovechar las experiencias de ambas partes en el cuesti\u00f3n de hacer frente a los fen\u00f3menos de las tormentas de arena.<\/p>\n<p style=\"text-align: justify;\">Agreg\u00f3 que el terrorismo da\u00f1\u00f3 todos los elementos del medio ambiente y contribuy\u00f3 a la contaminaci\u00f3n del aire como resultado de la refinaci\u00f3n indiscriminada de petr\u00f3leo, la tala ilegal y los incendios forestales, adem\u00e1s de las continuas violaciones de los recursos h\u00eddricos y el corte del suministro de agua del r\u00edo \u00c9ufrates por la ocupaci\u00f3n turca.<br \/>\nPor su parte, Salajka destac\u00f3 la importancia de las relaciones entre Ir\u00e1n y Siria en varios campos, incluido el medio ambiente.<\/p>\n<p style=\"text-align: justify;\">Aclar\u00f3 que Seljuk que los estudios conjuntos muestran que la regi\u00f3n de Deir Ezzor es uno de los principales focos de tormentas de arena que azotan Siria y los pa\u00edses de la regi\u00f3n hasta Ir\u00e1n. Por lo tanto, se espera, a trav\u00e9s del intercambio de experiencias y discusiones bilaterales, a la adopci\u00f3n de un programa de trabajo ejecutivo que permita a las dos partes reducir este fen\u00f3meno y poner fin al sufrimiento de los pueblos de la regi\u00f3n afectados por \u00e9l.<\/p>\n<p>mm<\/p>\n","protected":false},"excerpt":{"rendered":"<p>Damasco, 30 may (SANA) El Ministro de Administraci\u00f3n Local y Medio Ambiente, Hussein Makhlouf, discuti\u00f3 con el vicepresidente de la Rep\u00fablica Isl\u00e1mica de Ir\u00e1n, Jefe de la Organizaci\u00f3n de Protecci\u00f3n Ambiental, Ali Salajka, formas de desarrollar la cooperaci\u00f3n en el campo ambiental y trabajar para combatir el fen\u00f3meno de las dunas de arena y las &hellip;<\/p>\n","protected":false},"author":36,"featured_media":236340,"comment_status":"closed","ping_status":"closed","sticky":false,"template":"","format":"standard","meta":{"footnotes":""},"categories":[597,467,7541],"tags":[],"class_list":["post-236339","post","type-post","status-publish","format-standard","has-post-thumbnail","","category-cinta-de-noticias","category-siria-y-el-mundo","category-ultimas-noticias"],"_links":{"self":[{"href":"https:\/\/archive.sana.sy\/es\/index.php?rest_route=\/wp\/v2\/posts\/236339"}],"collection":[{"href":"https:\/\/archive.sana.sy\/es\/index.php?rest_route=\/wp\/v2\/posts"}],"about":[{"href":"https:\/\/archive.sana.sy\/es\/index.php?rest_route=\/wp\/v2\/types\/post"}],"author":[{"embeddable":true,"href":"https:\/\/archive.sana.sy\/es\/index.php?rest_route=\/wp\/v2\/users\/36"}],"replies":[{"embeddable":true,"href":"https:\/\/archive.sana.sy\/es\/index.php?rest_route=%2Fwp%2Fv2%2Fcomments&post=236339"}],"version-history":[{"count":0,"href":"https:\/\/archive.sana.sy\/es\/index.php?rest_route=\/wp\/v2\/posts\/236339\/revisions"}],"wp:featuredmedia":[{"embeddable":true,"href":"https:\/\/archive.sana.sy\/es\/index.php?rest_route=\/wp\/v2\/media\/236340"}],"wp:attachment":[{"href":"https:\/\/archive.sana.sy\/es\/index.php?rest_route=%2Fwp%2Fv2%2Fmedia&parent=236339"}],"wp:term":[{"taxonomy":"category","embeddable":true,"href":"https:\/\/archive.sana.sy\/es\/index.php?rest_route=%2Fwp%2Fv2%2Fcategories&post=236339"},{"taxonomy":"post_tag","embeddable":true,"href":"https:\/\/archive.sana.sy\/es\/index.php?rest_route=%2Fwp%2Fv2%2Ftags&post=236339"}],"curies":[{"name":"wp","href":"https:\/\/api.w.org\/{rel}","templated":true}]}}