{"id":236343,"date":"2022-05-30T17:46:39","date_gmt":"2022-05-30T14:46:39","guid":{"rendered":"http:\/\/107.6.182.27\/es\/?p=236343"},"modified":"2022-05-30T17:46:39","modified_gmt":"2022-05-30T14:46:39","slug":"exsoldado-irlandesa-condenada-por-pertenecer-a-la-organizacion-terrorista-daesh","status":"publish","type":"post","link":"https:\/\/archive.sana.sy\/es\/?p=236343","title":{"rendered":"Exsoldado irland\u00e9sa condenada por pertenecer a la organizaci\u00f3n terrorista Daesh"},"content":{"rendered":"<p style=\"text-align: justify;\"><span style=\"color: #800000;\"><strong>Dublin, 30 may (SANA) <\/strong><\/span>El Tribunal Supremo irland\u00e9s conden\u00f3 a una exsoldado del ej\u00e9rcito del pa\u00eds por pertenecer a la organizaci\u00f3n terrorista Daesh en Siria.<\/p>\n<p style=\"text-align: justify;\">El poder judicial irland\u00e9s fue citado por AFP diciendo que la soldado se uni\u00f3 al grupo en Siria en 2015 despu\u00e9s de dejar el ej\u00e9rcito en 2011.<\/p>\n<p style=\"text-align: justify;\">Muchos pa\u00edses europeos y occidentales que han alentado y facilitado los viajes de terroristas a Siria les impiden regresar y est\u00e1n tomando medidas punitivas contra ellos por temor a un resurgimiento de su violencia.<\/p>\n<p style=\"text-align: justify;\"><em><strong>ah\/rsh<\/strong><\/em><\/p>\n","protected":false},"excerpt":{"rendered":"<p>Dublin, 30 may (SANA) El Tribunal Supremo irland\u00e9s conden\u00f3 a una exsoldado del ej\u00e9rcito del pa\u00eds por pertenecer a la organizaci\u00f3n terrorista Daesh en Siria. El poder judicial irland\u00e9s fue citado por AFP diciendo que la soldado se uni\u00f3 al grupo en Siria en 2015 despu\u00e9s de dejar el ej\u00e9rcito en 2011. Muchos pa\u00edses europeos &hellip;<\/p>\n","protected":false},"author":30,"featured_media":236344,"comment_status":"closed","ping_status":"closed","sticky":false,"template":"","format":"standard","meta":{"footnotes":""},"categories":[597,467],"tags":[],"class_list":["post-236343","post","type-post","status-publish","format-standard","has-post-thumbnail","","category-cinta-de-noticias","category-siria-y-el-mundo"],"_links":{"self":[{"href":"https:\/\/archive.sana.sy\/es\/index.php?rest_route=\/wp\/v2\/posts\/236343"}],"collection":[{"href":"https:\/\/archive.sana.sy\/es\/index.php?rest_route=\/wp\/v2\/posts"}],"about":[{"href":"https:\/\/archive.sana.sy\/es\/index.php?rest_route=\/wp\/v2\/types\/post"}],"author":[{"embeddable":true,"href":"https:\/\/archive.sana.sy\/es\/index.php?rest_route=\/wp\/v2\/users\/30"}],"replies":[{"embeddable":true,"href":"https:\/\/archive.sana.sy\/es\/index.php?rest_route=%2Fwp%2Fv2%2Fcomments&post=236343"}],"version-history":[{"count":0,"href":"https:\/\/archive.sana.sy\/es\/index.php?rest_route=\/wp\/v2\/posts\/236343\/revisions"}],"wp:featuredmedia":[{"embeddable":true,"href":"https:\/\/archive.sana.sy\/es\/index.php?rest_route=\/wp\/v2\/media\/236344"}],"wp:attachment":[{"href":"https:\/\/archive.sana.sy\/es\/index.php?rest_route=%2Fwp%2Fv2%2Fmedia&parent=236343"}],"wp:term":[{"taxonomy":"category","embeddable":true,"href":"https:\/\/archive.sana.sy\/es\/index.php?rest_route=%2Fwp%2Fv2%2Fcategories&post=236343"},{"taxonomy":"post_tag","embeddable":true,"href":"https:\/\/archive.sana.sy\/es\/index.php?rest_route=%2Fwp%2Fv2%2Ftags&post=236343"}],"curies":[{"name":"wp","href":"https:\/\/api.w.org\/{rel}","templated":true}]}}