{"id":236346,"date":"2022-05-30T17:47:16","date_gmt":"2022-05-30T14:47:16","guid":{"rendered":"http:\/\/107.6.182.27\/es\/?p=236346"},"modified":"2022-05-30T17:47:16","modified_gmt":"2022-05-30T14:47:16","slug":"iran-desmantela-dos-redes-de-contrabando-de-armas-a-teheran","status":"publish","type":"post","link":"https:\/\/archive.sana.sy\/es\/?p=236346","title":{"rendered":"Ir\u00e1n desmantela dos redes de contrabando de armas a Teher\u00e1n"},"content":{"rendered":"<p style=\"text-align: justify;\"><span style=\"color: #800000;\"><strong>Teher\u00e1n, 30 may (SANA) <\/strong><\/span>Los servicios de seguridad de Ir\u00e1n han anunciado el desmantelamiento de dos redes de contrabando de armas y la incautaci\u00f3n de varias armas y equipo militar.<\/p>\n<p style=\"text-align: justify;\">El jefe de la polic\u00eda de Teher\u00e1n, el general de brigada, Hossein Rahimi, dijo en una declaraci\u00f3n que se han llevado a cabo 130 operaciones de seguridad en las \u00faltimas 48 horas, lo que result\u00f3 en el desmantelamiento de dos redes para el contrabando de armas y equipos desde la frontera y su transportaci\u00f3n hasta Teher\u00e1n.<\/p>\n<p style=\"text-align: justify;\">\u201cDurante las operaciones se incautaron 23 armas de guerra en posesi\u00f3n de los contrabandistas\u201d, detall\u00f3.<\/p>\n<p style=\"text-align: justify;\">El 22 de enero, la Guardia Revolucionaria de Ir\u00e1n anunci\u00f3 el arresto de miembros de una red terrorista vinculada a los servicios de inteligencia de la entidad de ocupaci\u00f3n israel\u00ed.<\/p>\n<p style=\"text-align: justify;\"><em><strong>ah\/rsh<\/strong><\/em><\/p>\n","protected":false},"excerpt":{"rendered":"<p>Teher\u00e1n, 30 may (SANA) Los servicios de seguridad de Ir\u00e1n han anunciado el desmantelamiento de dos redes de contrabando de armas y la incautaci\u00f3n de varias armas y equipo militar. El jefe de la polic\u00eda de Teher\u00e1n, el general de brigada, Hossein Rahimi, dijo en una declaraci\u00f3n que se han llevado a cabo 130 operaciones &hellip;<\/p>\n","protected":false},"author":30,"featured_media":236347,"comment_status":"closed","ping_status":"closed","sticky":false,"template":"","format":"standard","meta":{"footnotes":""},"categories":[597,456],"tags":[],"class_list":["post-236346","post","type-post","status-publish","format-standard","has-post-thumbnail","","category-cinta-de-noticias","category-arabe-internacional-politica"],"_links":{"self":[{"href":"https:\/\/archive.sana.sy\/es\/index.php?rest_route=\/wp\/v2\/posts\/236346"}],"collection":[{"href":"https:\/\/archive.sana.sy\/es\/index.php?rest_route=\/wp\/v2\/posts"}],"about":[{"href":"https:\/\/archive.sana.sy\/es\/index.php?rest_route=\/wp\/v2\/types\/post"}],"author":[{"embeddable":true,"href":"https:\/\/archive.sana.sy\/es\/index.php?rest_route=\/wp\/v2\/users\/30"}],"replies":[{"embeddable":true,"href":"https:\/\/archive.sana.sy\/es\/index.php?rest_route=%2Fwp%2Fv2%2Fcomments&post=236346"}],"version-history":[{"count":0,"href":"https:\/\/archive.sana.sy\/es\/index.php?rest_route=\/wp\/v2\/posts\/236346\/revisions"}],"wp:featuredmedia":[{"embeddable":true,"href":"https:\/\/archive.sana.sy\/es\/index.php?rest_route=\/wp\/v2\/media\/236347"}],"wp:attachment":[{"href":"https:\/\/archive.sana.sy\/es\/index.php?rest_route=%2Fwp%2Fv2%2Fmedia&parent=236346"}],"wp:term":[{"taxonomy":"category","embeddable":true,"href":"https:\/\/archive.sana.sy\/es\/index.php?rest_route=%2Fwp%2Fv2%2Fcategories&post=236346"},{"taxonomy":"post_tag","embeddable":true,"href":"https:\/\/archive.sana.sy\/es\/index.php?rest_route=%2Fwp%2Fv2%2Ftags&post=236346"}],"curies":[{"name":"wp","href":"https:\/\/api.w.org\/{rel}","templated":true}]}}