{"id":236349,"date":"2022-05-30T18:14:48","date_gmt":"2022-05-30T15:14:48","guid":{"rendered":"http:\/\/107.6.182.27\/es\/?p=236349"},"modified":"2023-01-10T15:12:52","modified_gmt":"2023-01-10T13:12:52","slug":"foro-sirio-irani-en-teheran-para-consolidar-relaciones-economico-comerciales","status":"publish","type":"post","link":"https:\/\/archive.sana.sy\/es\/?p=236349","title":{"rendered":"Foro sirio-iran\u00ed en Teher\u00e1n para consolidar relaciones econ\u00f3mico-comerciales"},"content":{"rendered":"<p style=\"text-align: justify;\"><span style=\"color: #800000;\"><strong>Teher\u00e1n, 30 may (SANA) <\/strong><\/span>El Foro para el Desarrollo de las Relaciones Econ\u00f3mico-comerciales Sirio-iran\u00edes se celebr\u00f3 en la capital iran\u00ed Teher\u00e1n.<\/p>\n<p style=\"text-align: justify;\">El foro se celebr\u00f3 con la participaci\u00f3n del sector privado y actores econ\u00f3micos de Siria e Ir\u00e1n y fue organizado por la C\u00e1mara de Comercio, Industria, Minerales y Agricultura Conjunta iran\u00ed y la C\u00e1mara de Comercio Conjunta Iran\u00ed-siria.<\/p>\n<p style=\"text-align: justify;\">Hablando en el foro, el asesor del vicepresidente primero, Abbas Akbari, llam\u00f3 a tomar pasos pr\u00e1cticos para expandir las relaciones econ\u00f3mico-comerciales entre los dos pa\u00edses.<\/p>\n<p style=\"text-align: justify;\">El presidente de la C\u00e1mara de Comercio, Industria, Minerales y Agricultura de Ir\u00e1n, Gholam Shafii, resalt\u00f3 que el sector privado de Ir\u00e1n est\u00e1 listo para cooperar en la reconstrucci\u00f3n, las actividades econ\u00f3micas y la rehabilitaci\u00f3n de la infraestructura en Siria.<\/p>\n<p style=\"text-align: justify;\">Por su parte, el presidente de la C\u00e1mara de Comercio Conjunta iran\u00ed-siria, Kiwan Kashfi, anunci\u00f3 que el volumen de las exportaciones iran\u00edes a Siria se duplic\u00f3, considerando que los dos pa\u00edses pueden exportar sus productos a la regi\u00f3n y aprovechar al m\u00e1ximo las potencialidades mediante la cooperaci\u00f3n conjunta.<\/p>\n<p style=\"text-align: justify;\">En este contexto, el jefe de la delegaci\u00f3n siria en el foro, presidente de la Federaci\u00f3n de C\u00e1maras de Comercio, Mohammed al-Laham, destac\u00f3 la necesidad de hacer asociaciones en diversos sectores.<\/p>\n<p style=\"text-align: justify;\">\u201cLa cooperaci\u00f3n econ\u00f3mica entre Siria e Ir\u00e1n es una necesidad urgente dada la inflaci\u00f3n actual en los precios y las crisis que enfrenta la regi\u00f3n\u201d, subray\u00f3.<\/p>\n<p style=\"text-align: justify;\">Enfatiz\u00f3 que el volumen del comercio, especialmente las exportaciones de Siria a Ir\u00e1n, deben aumentarse, as\u00ed como alcanzar soluciones a las dificultades de transporte y pago de valores debido a las sanciones impuestas a los dos pa\u00edses.<\/p>\n<p style=\"text-align: justify;\">El presidente de la Federaci\u00f3n de C\u00e1maras de Agricultura de Siria, Mohammed Kashto, llam\u00f3 a la creaci\u00f3n de un plan de acci\u00f3n para elevar las relaciones econ\u00f3micas al nivel de las relaciones pol\u00edticas entre los dos pa\u00edses.<\/p>\n<p style=\"text-align: justify;\">En este sentido, el presidente de la C\u00e1mara de Comercio Conjunta Sirio-iran\u00ed, Fahad Darwish, propuso abolir los aranceles entre ambos pa\u00edses, facilitar el suministro de productos, eliminar las restricciones a la importaci\u00f3n, as\u00ed como crear exposiciones de productos sirios en Ir\u00e1n libres de impuestos.<\/p>\n<p style=\"text-align: justify;\"><em><strong>ah\/rsh<\/strong><\/em><\/p>\n","protected":false},"excerpt":{"rendered":"<p>Teher\u00e1n, 30 may (SANA) El Foro para el Desarrollo de las Relaciones Econ\u00f3mico-comerciales Sirio-iran\u00edes se celebr\u00f3 en la capital iran\u00ed Teher\u00e1n. El foro se celebr\u00f3 con la participaci\u00f3n del sector privado y actores econ\u00f3micos de Siria e Ir\u00e1n y fue organizado por la C\u00e1mara de Comercio, Industria, Minerales y Agricultura Conjunta iran\u00ed y la C\u00e1mara &hellip;<\/p>\n","protected":false},"author":30,"featured_media":236350,"comment_status":"closed","ping_status":"closed","sticky":false,"template":"","format":"standard","meta":{"footnotes":""},"categories":[597,16686,485,7541],"tags":[],"class_list":["post-236349","post","type-post","status-publish","format-standard","has-post-thumbnail","","category-cinta-de-noticias","category-economia","category-informes-negocios-y-finanzas","category-ultimas-noticias"],"_links":{"self":[{"href":"https:\/\/archive.sana.sy\/es\/index.php?rest_route=\/wp\/v2\/posts\/236349"}],"collection":[{"href":"https:\/\/archive.sana.sy\/es\/index.php?rest_route=\/wp\/v2\/posts"}],"about":[{"href":"https:\/\/archive.sana.sy\/es\/index.php?rest_route=\/wp\/v2\/types\/post"}],"author":[{"embeddable":true,"href":"https:\/\/archive.sana.sy\/es\/index.php?rest_route=\/wp\/v2\/users\/30"}],"replies":[{"embeddable":true,"href":"https:\/\/archive.sana.sy\/es\/index.php?rest_route=%2Fwp%2Fv2%2Fcomments&post=236349"}],"version-history":[{"count":0,"href":"https:\/\/archive.sana.sy\/es\/index.php?rest_route=\/wp\/v2\/posts\/236349\/revisions"}],"wp:featuredmedia":[{"embeddable":true,"href":"https:\/\/archive.sana.sy\/es\/index.php?rest_route=\/wp\/v2\/media\/236350"}],"wp:attachment":[{"href":"https:\/\/archive.sana.sy\/es\/index.php?rest_route=%2Fwp%2Fv2%2Fmedia&parent=236349"}],"wp:term":[{"taxonomy":"category","embeddable":true,"href":"https:\/\/archive.sana.sy\/es\/index.php?rest_route=%2Fwp%2Fv2%2Fcategories&post=236349"},{"taxonomy":"post_tag","embeddable":true,"href":"https:\/\/archive.sana.sy\/es\/index.php?rest_route=%2Fwp%2Fv2%2Ftags&post=236349"}],"curies":[{"name":"wp","href":"https:\/\/api.w.org\/{rel}","templated":true}]}}