{"id":236353,"date":"2022-05-30T18:20:01","date_gmt":"2022-05-30T15:20:01","guid":{"rendered":"http:\/\/107.6.182.27\/es\/?p=236353"},"modified":"2022-05-30T18:20:01","modified_gmt":"2022-05-30T15:20:01","slug":"agresion-turca-contra-hasakeh-causa-danos-a-las-casas-y-a-la-iglesia-de-san-sawa","status":"publish","type":"post","link":"https:\/\/archive.sana.sy\/es\/?p=236353","title":{"rendered":"Agresi\u00f3n turca contra Hasakeh causa da\u00f1os a las casas y a la iglesia de San Sawa"},"content":{"rendered":"<p style=\"text-align: justify;\"><span style=\"color: #800000;\"><strong>Hasakeh, 30 may (SANA) <\/strong><\/span>La continua agresi\u00f3n turca contra las localidades de Tal Tamr y Abu Rasin al noroeste de la provincia de Hasakeh caus\u00f3 la destrucci\u00f3n total o parcial de varias casas de ciudadanos y una iglesia en la zona.<\/p>\n<p style=\"text-align: justify;\">\u201cVarios proyectiles cohete y obuses de artiller\u00eda del ocupante turco y sus mercenarios causaron gran destrucci\u00f3n en la iglesia de San Sawa, situada en la aldea de Tal Tawil, en el municipio de Tal Tamr\u201d, informaron activistas civiles .<\/p>\n<p style=\"text-align: justify;\">Seg\u00fan la Direcci\u00f3n de Asuntos Sociales y Trabajo de Hasakeh, la agresi\u00f3n turca ha da\u00f1ado, en los \u00faltimos dos d\u00edas, seis viviendas en la localidad de Abu Rasin y ha destruido parcialmente la sede del Banco Cooperativo Agr\u00edcola y una torre de comunicaciones en la Oficina de Correos.<\/p>\n<p style=\"text-align: justify;\"><em><strong>ah\/rsh<\/strong><\/em><\/p>\n","protected":false},"excerpt":{"rendered":"<p>Hasakeh, 30 may (SANA) La continua agresi\u00f3n turca contra las localidades de Tal Tamr y Abu Rasin al noroeste de la provincia de Hasakeh caus\u00f3 la destrucci\u00f3n total o parcial de varias casas de ciudadanos y una iglesia en la zona. \u201cVarios proyectiles cohete y obuses de artiller\u00eda del ocupante turco y sus mercenarios causaron &hellip;<\/p>\n","protected":false},"author":30,"featured_media":236354,"comment_status":"closed","ping_status":"closed","sticky":false,"template":"","format":"standard","meta":{"footnotes":""},"categories":[447,597,573,476,457,7541],"tags":[],"class_list":["post-236353","post","type-post","status-publish","format-standard","has-post-thumbnail","","category-local-politica","category-cinta-de-noticias","category-la-realidad-de-los-acontecimientos-en-siria","category-locales","category-noticias-arabe-internacional-politica","category-ultimas-noticias"],"_links":{"self":[{"href":"https:\/\/archive.sana.sy\/es\/index.php?rest_route=\/wp\/v2\/posts\/236353"}],"collection":[{"href":"https:\/\/archive.sana.sy\/es\/index.php?rest_route=\/wp\/v2\/posts"}],"about":[{"href":"https:\/\/archive.sana.sy\/es\/index.php?rest_route=\/wp\/v2\/types\/post"}],"author":[{"embeddable":true,"href":"https:\/\/archive.sana.sy\/es\/index.php?rest_route=\/wp\/v2\/users\/30"}],"replies":[{"embeddable":true,"href":"https:\/\/archive.sana.sy\/es\/index.php?rest_route=%2Fwp%2Fv2%2Fcomments&post=236353"}],"version-history":[{"count":0,"href":"https:\/\/archive.sana.sy\/es\/index.php?rest_route=\/wp\/v2\/posts\/236353\/revisions"}],"wp:featuredmedia":[{"embeddable":true,"href":"https:\/\/archive.sana.sy\/es\/index.php?rest_route=\/wp\/v2\/media\/236354"}],"wp:attachment":[{"href":"https:\/\/archive.sana.sy\/es\/index.php?rest_route=%2Fwp%2Fv2%2Fmedia&parent=236353"}],"wp:term":[{"taxonomy":"category","embeddable":true,"href":"https:\/\/archive.sana.sy\/es\/index.php?rest_route=%2Fwp%2Fv2%2Fcategories&post=236353"},{"taxonomy":"post_tag","embeddable":true,"href":"https:\/\/archive.sana.sy\/es\/index.php?rest_route=%2Fwp%2Fv2%2Ftags&post=236353"}],"curies":[{"name":"wp","href":"https:\/\/api.w.org\/{rel}","templated":true}]}}