{"id":23638,"date":"2015-05-20T20:16:12","date_gmt":"2015-05-20T17:16:12","guid":{"rendered":"http:\/\/sana.sy\/es\/?p=23638"},"modified":"2015-05-20T20:19:02","modified_gmt":"2015-05-20T17:19:02","slug":"eu-adopta-nuevas-medidas-contra-el-yihadismo","status":"publish","type":"post","link":"https:\/\/archive.sana.sy\/es\/?p=23638","title":{"rendered":"EU adopta nuevas medidas contra el yihadismo"},"content":{"rendered":"<p><span style=\"color: #800000\">Viena-SANA<\/span><\/p>\n<p style=\"text-align: justify\">El Consejo de Europa, que integra a 47 pa\u00edses europeos, adopt\u00f3 hoy sus primeras medidas vinculantes para combatir el terrorismo yihadista europeo.<\/p>\n<p style=\"text-align: justify\">En una reuni\u00f3n de ministros de Exteriores celebrada en Bruselas, los ministros de Exteriores de los pa\u00edses miembros adoptaron un protocolo adicional sobre los llamados &#8220;combatientes extranjeros&#8221;, ciudadanos europeos que se suman a las filas yihadistas en pa\u00edses en conflicto como Siria y regresan a Europa radicalizados.<\/p>\n<p style=\"text-align: justify\">El protocolo, cuyo periodo de firma se abrir\u00e1 este a\u00f1o, completa el convenio ya existente sobre terrorismo, que data de mayo de 2005 y que hasta ahora han ratificado 44 de los 47 miembros del Consejo.<\/p>\n<p style=\"text-align: justify\">Dicho documento exigir\u00e1 a los pa\u00edses que ilegalicen acciones como la participaci\u00f3n en grupos terroristas, el adiestramiento pasivo o los viajes a terceros pa\u00edses con fines terroristas.<\/p>\n<p style=\"text-align: justify\">Asimismo, har\u00e1 posible la creaci\u00f3n de una red de contactos nacionales para poder intercambiar informaci\u00f3n las 24 horas del d\u00eda.<\/p>\n<p style=\"text-align: justify\">Los participantes en el encuentro, entre los que estuvo el\u00a0 Ministro de Asuntos Exteriores de Rusia, Sergu\u00e9i Lavrov, tambi\u00e9n adoptaron una declaraci\u00f3n pol\u00edtica y un plan de acci\u00f3n de tres a\u00f1os contra el extremismo violento y la radicalizaci\u00f3n que conducen al terrorismo.<\/p>\n<p style=\"text-align: justify\">Este plan de acci\u00f3n incluye una serie de medidas para combatir este nuevo tipo de terrorismo en las escuelas, las prisiones e internet.<\/p>\n<p>M.Miri<\/p>\n","protected":false},"excerpt":{"rendered":"<p>Viena-SANA El Consejo de Europa, que integra a 47 pa\u00edses europeos, adopt\u00f3 hoy sus primeras medidas vinculantes para combatir el terrorismo yihadista europeo. En una reuni\u00f3n de ministros de Exteriores celebrada en Bruselas, los ministros de Exteriores de los pa\u00edses miembros adoptaron un protocolo adicional sobre los llamados &#8220;combatientes extranjeros&#8221;, ciudadanos europeos que se suman &hellip;<\/p>\n","protected":false},"author":1,"featured_media":23640,"comment_status":"closed","ping_status":"closed","sticky":false,"template":"","format":"standard","meta":{"footnotes":""},"categories":[456,457,576],"tags":[5336],"class_list":["post-23638","post","type-post","status-publish","format-standard","has-post-thumbnail","","category-arabe-internacional-politica","category-noticias-arabe-internacional-politica","category-noticias-politicas","tag-eu-adopta-nuevas-medidas-contra-el-yihadismo"],"_links":{"self":[{"href":"https:\/\/archive.sana.sy\/es\/index.php?rest_route=\/wp\/v2\/posts\/23638"}],"collection":[{"href":"https:\/\/archive.sana.sy\/es\/index.php?rest_route=\/wp\/v2\/posts"}],"about":[{"href":"https:\/\/archive.sana.sy\/es\/index.php?rest_route=\/wp\/v2\/types\/post"}],"author":[{"embeddable":true,"href":"https:\/\/archive.sana.sy\/es\/index.php?rest_route=\/wp\/v2\/users\/1"}],"replies":[{"embeddable":true,"href":"https:\/\/archive.sana.sy\/es\/index.php?rest_route=%2Fwp%2Fv2%2Fcomments&post=23638"}],"version-history":[{"count":0,"href":"https:\/\/archive.sana.sy\/es\/index.php?rest_route=\/wp\/v2\/posts\/23638\/revisions"}],"wp:featuredmedia":[{"embeddable":true,"href":"https:\/\/archive.sana.sy\/es\/index.php?rest_route=\/wp\/v2\/media\/23640"}],"wp:attachment":[{"href":"https:\/\/archive.sana.sy\/es\/index.php?rest_route=%2Fwp%2Fv2%2Fmedia&parent=23638"}],"wp:term":[{"taxonomy":"category","embeddable":true,"href":"https:\/\/archive.sana.sy\/es\/index.php?rest_route=%2Fwp%2Fv2%2Fcategories&post=23638"},{"taxonomy":"post_tag","embeddable":true,"href":"https:\/\/archive.sana.sy\/es\/index.php?rest_route=%2Fwp%2Fv2%2Ftags&post=23638"}],"curies":[{"name":"wp","href":"https:\/\/api.w.org\/{rel}","templated":true}]}}