{"id":236413,"date":"2022-05-30T22:06:52","date_gmt":"2022-05-30T19:06:52","guid":{"rendered":"http:\/\/107.6.182.27\/es\/?p=236413"},"modified":"2022-05-30T22:06:52","modified_gmt":"2022-05-30T19:06:52","slug":"ministro-de-salud-ratifica-compromiso-de-siria-con-la-accion-conjunta-frente-a-los-desafios-sanitarios","status":"publish","type":"post","link":"https:\/\/archive.sana.sy\/es\/?p=236413","title":{"rendered":"Ministro de Salud ratifica compromiso de Siria con la acci\u00f3n conjunta frente a los desaf\u00edos sanitarios"},"content":{"rendered":"<p style=\"text-align: justify;\"><span style=\"color: #800000;\"><strong>Ginebra, 30 may (SANA) <\/strong><\/span>El Ministro de Salud, Hassan al-Ghabash, ratific\u00f3 el compromiso de Siria de continuar trabajando a nivel nacional y regional para enfrentar los desaf\u00edos en materia de salud que requieren una acci\u00f3n internacional conjunta.<\/p>\n<p style=\"text-align: justify;\">\u201cEn un momento en que la pandemia del Covid-19 contin\u00faa en los pa\u00edses del mundo, nuevos riesgos para la salud est\u00e1n en ciernes en varios pa\u00edses y otros est\u00e1n experimentando crisis que ponen en riesgo el sistema de salud mundial, hecho que requiere tomar medidas paliativas\u201d, dijo al-Ghabash en la palabra de Siria ante la 151\u00aa sesi\u00f3n del Consejo Ejecutivo de la Organizaci\u00f3n Mundial de Salud (OMS) en Ginebra.<\/p>\n<p style=\"text-align: justify;\">Se\u00f1al\u00f3 las brechas estructurales hab\u00edan dado lugar a una desigualdad en los derechos econ\u00f3micos, sociales y de salud entre todos los pueblos del mundo durante la respuesta a la pandemia del Covid-19, en particular en los pa\u00edses en desarrollo.<\/p>\n<p style=\"text-align: justify;\">Dio la bienvenida a los esfuerzos de la OMS en t\u00e9rminos de la respuesta a las pandemias, incluida la formaci\u00f3n del \u00f3rgano intergubernamental de negociaci\u00f3n.<\/p>\n<p style=\"text-align: justify;\">\u201cEs necesario alcanzar un instrumento que complemente las herramientas existentes y evite los vac\u00edos dejadas por la pandemia del Covid-19, as\u00ed como incluir los principios de equidad en el esperado texto\u201d, expres\u00f3.<\/p>\n<p style=\"text-align: justify;\">\u201cAcogemos con benepl\u00e1cito los esfuerzos por lograr una financiaci\u00f3n sostenible de la OMS para el fortalecimiento de la gobernanza y la programaci\u00f3n, y al mismo tiempo centrarse en los principios de equidad en la representaci\u00f3n geogr\u00e1fica y de g\u00e9nero\u201d, resalt\u00f3.<\/p>\n<p style=\"text-align: justify;\">El titular lament\u00f3 la aprobaci\u00f3n de documentos t\u00e9cnicos en la OMS mediante la votaci\u00f3n debido a la intransigencia de algunos Estados al no aceptar las inquietudes manifestadas anteriormente por un grupo de Estados Miembros.<\/p>\n<p style=\"text-align: justify;\"><em><strong>ah\/rsh<\/strong><\/em><\/p>\n","protected":false},"excerpt":{"rendered":"<p>Ginebra, 30 may (SANA) El Ministro de Salud, Hassan al-Ghabash, ratific\u00f3 el compromiso de Siria de continuar trabajando a nivel nacional y regional para enfrentar los desaf\u00edos en materia de salud que requieren una acci\u00f3n internacional conjunta. \u201cEn un momento en que la pandemia del Covid-19 contin\u00faa en los pa\u00edses del mundo, nuevos riesgos para &hellip;<\/p>\n","protected":false},"author":30,"featured_media":236414,"comment_status":"closed","ping_status":"closed","sticky":false,"template":"","format":"standard","meta":{"footnotes":""},"categories":[597,467,7541],"tags":[],"class_list":["post-236413","post","type-post","status-publish","format-standard","has-post-thumbnail","","category-cinta-de-noticias","category-siria-y-el-mundo","category-ultimas-noticias"],"_links":{"self":[{"href":"https:\/\/archive.sana.sy\/es\/index.php?rest_route=\/wp\/v2\/posts\/236413"}],"collection":[{"href":"https:\/\/archive.sana.sy\/es\/index.php?rest_route=\/wp\/v2\/posts"}],"about":[{"href":"https:\/\/archive.sana.sy\/es\/index.php?rest_route=\/wp\/v2\/types\/post"}],"author":[{"embeddable":true,"href":"https:\/\/archive.sana.sy\/es\/index.php?rest_route=\/wp\/v2\/users\/30"}],"replies":[{"embeddable":true,"href":"https:\/\/archive.sana.sy\/es\/index.php?rest_route=%2Fwp%2Fv2%2Fcomments&post=236413"}],"version-history":[{"count":0,"href":"https:\/\/archive.sana.sy\/es\/index.php?rest_route=\/wp\/v2\/posts\/236413\/revisions"}],"wp:featuredmedia":[{"embeddable":true,"href":"https:\/\/archive.sana.sy\/es\/index.php?rest_route=\/wp\/v2\/media\/236414"}],"wp:attachment":[{"href":"https:\/\/archive.sana.sy\/es\/index.php?rest_route=%2Fwp%2Fv2%2Fmedia&parent=236413"}],"wp:term":[{"taxonomy":"category","embeddable":true,"href":"https:\/\/archive.sana.sy\/es\/index.php?rest_route=%2Fwp%2Fv2%2Fcategories&post=236413"},{"taxonomy":"post_tag","embeddable":true,"href":"https:\/\/archive.sana.sy\/es\/index.php?rest_route=%2Fwp%2Fv2%2Ftags&post=236413"}],"curies":[{"name":"wp","href":"https:\/\/api.w.org\/{rel}","templated":true}]}}