{"id":236420,"date":"2022-05-31T06:04:50","date_gmt":"2022-05-31T03:04:50","guid":{"rendered":"http:\/\/107.6.182.27\/es\/?p=236420"},"modified":"2023-01-10T15:58:00","modified_gmt":"2023-01-10T13:58:00","slug":"atacada-una-base-que-alberga-fuerzas-de-eeuu-en-iraq","status":"publish","type":"post","link":"https:\/\/archive.sana.sy\/es\/?p=236420","title":{"rendered":"Atacada una base que alberga fuerzas de EEUU en Iraq"},"content":{"rendered":"<p style=\"text-align: justify;\"><span style=\"color: #800000;\"><strong>Bagdad, 31 may (SANA)\u00a0<\/strong><\/span> Un bombardeo con misiles tuvo como objetivo la base de Ain Al-Assad en la provincia de Anbar, en el oeste de Iraq.<\/p>\n<p style=\"text-align: justify;\">El portal de noticias Al-Sumaria cit\u00f3 a una fuente de seguridad iraqu\u00ed diciendo que &#8220;dos misiles cayeron cerca del enclave y fueron lanzados desde la direcci\u00f3n occidental del mismo\u201d.<\/p>\n<p style=\"text-align: justify;\">No hubo m\u00e1s detalles sobre bajas o p\u00e9rdidas materiales.<\/p>\n<p style=\"text-align: justify;\">La base Ain al-Assad alberga a fuerzas de la coalici\u00f3n internacional liderada por EEUU, y fue atacada varias veces, el m\u00e1s reciente y violento fue en julio pasado cuando 14 cohetes impactaron contra la mismas.<\/p>\n<p style=\"text-align: justify;\">\n","protected":false},"excerpt":{"rendered":"<p>Bagdad, 31 may (SANA)\u00a0 Un bombardeo con misiles tuvo como objetivo la base de Ain Al-Assad en la provincia de Anbar, en el oeste de Iraq. El portal de noticias Al-Sumaria cit\u00f3 a una fuente de seguridad iraqu\u00ed diciendo que &#8220;dos misiles cayeron cerca del enclave y fueron lanzados desde la direcci\u00f3n occidental del mismo\u201d. &hellip;<\/p>\n","protected":false},"author":34,"featured_media":236421,"comment_status":"closed","ping_status":"closed","sticky":false,"template":"","format":"standard","meta":{"footnotes":""},"categories":[597,456,7541],"tags":[],"class_list":["post-236420","post","type-post","status-publish","format-standard","has-post-thumbnail","","category-cinta-de-noticias","category-arabe-internacional-politica","category-ultimas-noticias"],"_links":{"self":[{"href":"https:\/\/archive.sana.sy\/es\/index.php?rest_route=\/wp\/v2\/posts\/236420"}],"collection":[{"href":"https:\/\/archive.sana.sy\/es\/index.php?rest_route=\/wp\/v2\/posts"}],"about":[{"href":"https:\/\/archive.sana.sy\/es\/index.php?rest_route=\/wp\/v2\/types\/post"}],"author":[{"embeddable":true,"href":"https:\/\/archive.sana.sy\/es\/index.php?rest_route=\/wp\/v2\/users\/34"}],"replies":[{"embeddable":true,"href":"https:\/\/archive.sana.sy\/es\/index.php?rest_route=%2Fwp%2Fv2%2Fcomments&post=236420"}],"version-history":[{"count":0,"href":"https:\/\/archive.sana.sy\/es\/index.php?rest_route=\/wp\/v2\/posts\/236420\/revisions"}],"wp:featuredmedia":[{"embeddable":true,"href":"https:\/\/archive.sana.sy\/es\/index.php?rest_route=\/wp\/v2\/media\/236421"}],"wp:attachment":[{"href":"https:\/\/archive.sana.sy\/es\/index.php?rest_route=%2Fwp%2Fv2%2Fmedia&parent=236420"}],"wp:term":[{"taxonomy":"category","embeddable":true,"href":"https:\/\/archive.sana.sy\/es\/index.php?rest_route=%2Fwp%2Fv2%2Fcategories&post=236420"},{"taxonomy":"post_tag","embeddable":true,"href":"https:\/\/archive.sana.sy\/es\/index.php?rest_route=%2Fwp%2Fv2%2Ftags&post=236420"}],"curies":[{"name":"wp","href":"https:\/\/api.w.org\/{rel}","templated":true}]}}