{"id":236426,"date":"2022-05-31T08:29:40","date_gmt":"2022-05-31T05:29:40","guid":{"rendered":"http:\/\/107.6.182.27\/es\/?p=236426"},"modified":"2023-01-10T15:32:41","modified_gmt":"2023-01-10T13:32:41","slug":"noticias-destacadas-del-dia-31-de-mayo-de-2022","status":"publish","type":"post","link":"https:\/\/archive.sana.sy\/es\/?p=236426","title":{"rendered":"Noticias destacadas del d\u00eda, 31 de mayo de 2022"},"content":{"rendered":"<p style=\"text-align: justify;\"><span style=\"color: #800000;\"><strong>Damasco, 31 may (SANA)<\/strong><\/span><\/p>\n<p style=\"text-align: justify;\">????????Siria condena hostilidades de Ankara y califica su plan de \u201czona segura\u201d de limpieza \u00e9tnica y crimen de guerra.<\/p>\n<p style=\"text-align: justify;\">????????Siria e Ir\u00e1n examinan coordinaci\u00f3n sobre problemas ambientales.<\/p>\n<p style=\"text-align: justify;\">????????Ministro de Salud ratifica compromiso de Siria con la acci\u00f3n conjunta frente a los desaf\u00edos sanitarios.<\/p>\n<p style=\"text-align: justify;\">????????Conversaciones sirio-iran\u00edes sobre el medio ambiente.<\/p>\n<p style=\"text-align: justify;\">????????Foro sirio-iran\u00ed en Teher\u00e1n para consolidar relaciones econ\u00f3mico-comerciales.<\/p>\n<p style=\"text-align: justify;\">????????Conversaciones sirio-iran\u00edes para fortalecer la cooperaci\u00f3n econ\u00f3mica y ambiental.<\/p>\n<p style=\"text-align: justify;\">????????Conversaciones sirio-iraqu\u00edes para potenciar la cooperaci\u00f3n comercial, econ\u00f3mica y alimentaria.<\/p>\n<p style=\"text-align: justify;\">????????ACSAD y el Ministerio de Agricultura tunecino firman un convenio de cooperaci\u00f3n cient\u00edfico-t\u00e9cnica.<\/p>\n<p style=\"text-align: justify;\">????????Jugador de la selecci\u00f3n siria de Muay thai se clasifica para las semifinales del Campeonato del Mundo.<\/p>\n<p style=\"text-align: justify;\">????????Bombardeos turcos desplazan 130 familias sirias en el norte de Hasakeh.<\/p>\n<p style=\"text-align: justify;\">????????Inauguran centros docentes de multiples especialidades en Sweida.<\/p>\n<p style=\"text-align: justify;\">????????Agresi\u00f3n turca contra Hasakeh causa da\u00f1os a las casas y a la iglesia de San Sawa.<\/p>\n<p style=\"text-align: justify;\">????????Coalici\u00f3n Nacional de Partidos Egipcios condena hostilidades del r\u00e9gimen turco contra Siria.<\/p>\n<p style=\"text-align: justify;\">ed\/fm<\/p>\n","protected":false},"excerpt":{"rendered":"<p>Damasco, 31 may (SANA) ????????Siria condena hostilidades de Ankara y califica su plan de \u201czona segura\u201d de limpieza \u00e9tnica y crimen de guerra. ????????Siria e Ir\u00e1n examinan coordinaci\u00f3n sobre problemas ambientales. ????????Ministro de Salud ratifica compromiso de Siria con la acci\u00f3n conjunta frente a los desaf\u00edos sanitarios. ????????Conversaciones sirio-iran\u00edes sobre el medio ambiente. ????????Foro sirio-iran\u00ed &hellip;<\/p>\n","protected":false},"author":32,"featured_media":236427,"comment_status":"closed","ping_status":"closed","sticky":false,"template":"","format":"standard","meta":{"footnotes":""},"categories":[447,555,597,7541],"tags":[],"class_list":["post-236426","post","type-post","status-publish","format-standard","has-post-thumbnail","","category-local-politica","category-prensa","category-cinta-de-noticias","category-ultimas-noticias"],"_links":{"self":[{"href":"https:\/\/archive.sana.sy\/es\/index.php?rest_route=\/wp\/v2\/posts\/236426"}],"collection":[{"href":"https:\/\/archive.sana.sy\/es\/index.php?rest_route=\/wp\/v2\/posts"}],"about":[{"href":"https:\/\/archive.sana.sy\/es\/index.php?rest_route=\/wp\/v2\/types\/post"}],"author":[{"embeddable":true,"href":"https:\/\/archive.sana.sy\/es\/index.php?rest_route=\/wp\/v2\/users\/32"}],"replies":[{"embeddable":true,"href":"https:\/\/archive.sana.sy\/es\/index.php?rest_route=%2Fwp%2Fv2%2Fcomments&post=236426"}],"version-history":[{"count":0,"href":"https:\/\/archive.sana.sy\/es\/index.php?rest_route=\/wp\/v2\/posts\/236426\/revisions"}],"wp:featuredmedia":[{"embeddable":true,"href":"https:\/\/archive.sana.sy\/es\/index.php?rest_route=\/wp\/v2\/media\/236427"}],"wp:attachment":[{"href":"https:\/\/archive.sana.sy\/es\/index.php?rest_route=%2Fwp%2Fv2%2Fmedia&parent=236426"}],"wp:term":[{"taxonomy":"category","embeddable":true,"href":"https:\/\/archive.sana.sy\/es\/index.php?rest_route=%2Fwp%2Fv2%2Fcategories&post=236426"},{"taxonomy":"post_tag","embeddable":true,"href":"https:\/\/archive.sana.sy\/es\/index.php?rest_route=%2Fwp%2Fv2%2Ftags&post=236426"}],"curies":[{"name":"wp","href":"https:\/\/api.w.org\/{rel}","templated":true}]}}