{"id":236444,"date":"2022-05-31T11:30:19","date_gmt":"2022-05-31T08:30:19","guid":{"rendered":"http:\/\/107.6.182.27\/es\/?p=236444"},"modified":"2022-05-31T11:37:45","modified_gmt":"2022-05-31T08:37:45","slug":"protestan-en-qamishli-siria-contra-presencia-ilegal-de-fuerzas-estadounidenses-y-turcas","status":"publish","type":"post","link":"https:\/\/archive.sana.sy\/es\/?p=236444","title":{"rendered":"Protestan en Qamishli\/Siria contra presencia ilegal de fuerzas estadounidenses y turcas"},"content":{"rendered":"<p style=\"text-align: justify;\"><span style=\"color: #800000;\"><strong>Hasakeh, 31 may (SANA)\u00a0<\/strong><\/span> Una manifestaci\u00f3n tuvo lugar hoy en la ciudad de Qamishli en el nordeste del pa\u00eds, en condena a las agresiones turcas y en rechazo a la presencia ilegal de EEUU y Turqu\u00eda en territorio sirio.<\/p>\n<p style=\"text-align: justify;\">Seg\u00fan reportes del corresponsal de SANA, la concentraci\u00f3n se efectu\u00f3 frente al centro cultural, y los manifestantes izaron banderas nacionales y correaron consignas de denuncia a las agresiones turcas y rechazo a la presencia ilegal de las fuerzas estadounidenses y turcas en los territorios sirios.<\/p>\n<p style=\"text-align: justify;\"><em><strong>Nota en desarrollo\u2026<\/strong><\/em><\/p>\n<div id='gallery-1' class='gallery galleryid-236444 gallery-columns-1 gallery-size-full'><figure class='gallery-item'>\n\t\t\t<div class='gallery-icon landscape'>\n\t\t\t\t<a href='https:\/\/archive.sana.sy\/es\/wp-content\/uploads\/2022\/05\/photo_2022-05-31_10-25-44.jpg'><img loading=\"lazy\" decoding=\"async\" width=\"1280\" height=\"764\" src=\"https:\/\/archive.sana.sy\/es\/wp-content\/uploads\/2022\/05\/photo_2022-05-31_10-25-44.jpg\" class=\"attachment-full size-full\" alt=\"\" srcset=\"https:\/\/archive.sana.sy\/es\/wp-content\/uploads\/2022\/05\/photo_2022-05-31_10-25-44.jpg 1280w, https:\/\/archive.sana.sy\/es\/wp-content\/uploads\/2022\/05\/photo_2022-05-31_10-25-44-300x179.jpg 300w, https:\/\/archive.sana.sy\/es\/wp-content\/uploads\/2022\/05\/photo_2022-05-31_10-25-44-1024x611.jpg 1024w, https:\/\/archive.sana.sy\/es\/wp-content\/uploads\/2022\/05\/photo_2022-05-31_10-25-44-150x90.jpg 150w, https:\/\/archive.sana.sy\/es\/wp-content\/uploads\/2022\/05\/photo_2022-05-31_10-25-44-768x458.jpg 768w\" sizes=\"(max-width: 1280px) 100vw, 1280px\" \/><\/a>\n\t\t\t<\/div><\/figure><figure class='gallery-item'>\n\t\t\t<div class='gallery-icon landscape'>\n\t\t\t\t<a href='https:\/\/archive.sana.sy\/es\/wp-content\/uploads\/2022\/05\/photo_2022-05-31_10-25-46.jpg'><img loading=\"lazy\" decoding=\"async\" width=\"1280\" height=\"744\" src=\"https:\/\/archive.sana.sy\/es\/wp-content\/uploads\/2022\/05\/photo_2022-05-31_10-25-46.jpg\" class=\"attachment-full size-full\" alt=\"\" srcset=\"https:\/\/archive.sana.sy\/es\/wp-content\/uploads\/2022\/05\/photo_2022-05-31_10-25-46.jpg 1280w, https:\/\/archive.sana.sy\/es\/wp-content\/uploads\/2022\/05\/photo_2022-05-31_10-25-46-300x174.jpg 300w, https:\/\/archive.sana.sy\/es\/wp-content\/uploads\/2022\/05\/photo_2022-05-31_10-25-46-1024x595.jpg 1024w, https:\/\/archive.sana.sy\/es\/wp-content\/uploads\/2022\/05\/photo_2022-05-31_10-25-46-150x87.jpg 150w, https:\/\/archive.sana.sy\/es\/wp-content\/uploads\/2022\/05\/photo_2022-05-31_10-25-46-768x446.jpg 768w\" sizes=\"(max-width: 1280px) 100vw, 1280px\" \/><\/a>\n\t\t\t<\/div><\/figure><figure class='gallery-item'>\n\t\t\t<div class='gallery-icon landscape'>\n\t\t\t\t<a href='https:\/\/archive.sana.sy\/es\/wp-content\/uploads\/2022\/05\/photo_2022-05-31_10-26-24.jpg'><img loading=\"lazy\" decoding=\"async\" width=\"1280\" height=\"748\" src=\"https:\/\/archive.sana.sy\/es\/wp-content\/uploads\/2022\/05\/photo_2022-05-31_10-26-24.jpg\" class=\"attachment-full size-full\" alt=\"\" srcset=\"https:\/\/archive.sana.sy\/es\/wp-content\/uploads\/2022\/05\/photo_2022-05-31_10-26-24.jpg 1280w, https:\/\/archive.sana.sy\/es\/wp-content\/uploads\/2022\/05\/photo_2022-05-31_10-26-24-300x175.jpg 300w, https:\/\/archive.sana.sy\/es\/wp-content\/uploads\/2022\/05\/photo_2022-05-31_10-26-24-1024x598.jpg 1024w, https:\/\/archive.sana.sy\/es\/wp-content\/uploads\/2022\/05\/photo_2022-05-31_10-26-24-150x88.jpg 150w, https:\/\/archive.sana.sy\/es\/wp-content\/uploads\/2022\/05\/photo_2022-05-31_10-26-24-768x449.jpg 768w\" sizes=\"(max-width: 1280px) 100vw, 1280px\" \/><\/a>\n\t\t\t<\/div><\/figure><figure class='gallery-item'>\n\t\t\t<div class='gallery-icon landscape'>\n\t\t\t\t<a href='https:\/\/archive.sana.sy\/es\/wp-content\/uploads\/2022\/05\/photo_2022-05-31_10-25-45.jpg'><img loading=\"lazy\" decoding=\"async\" width=\"1280\" height=\"708\" src=\"https:\/\/archive.sana.sy\/es\/wp-content\/uploads\/2022\/05\/photo_2022-05-31_10-25-45.jpg\" class=\"attachment-full size-full\" alt=\"\" srcset=\"https:\/\/archive.sana.sy\/es\/wp-content\/uploads\/2022\/05\/photo_2022-05-31_10-25-45.jpg 1280w, https:\/\/archive.sana.sy\/es\/wp-content\/uploads\/2022\/05\/photo_2022-05-31_10-25-45-300x166.jpg 300w, https:\/\/archive.sana.sy\/es\/wp-content\/uploads\/2022\/05\/photo_2022-05-31_10-25-45-1024x566.jpg 1024w, https:\/\/archive.sana.sy\/es\/wp-content\/uploads\/2022\/05\/photo_2022-05-31_10-25-45-150x83.jpg 150w, https:\/\/archive.sana.sy\/es\/wp-content\/uploads\/2022\/05\/photo_2022-05-31_10-25-45-768x425.jpg 768w\" sizes=\"(max-width: 1280px) 100vw, 1280px\" \/><\/a>\n\t\t\t<\/div><\/figure>\n\t\t<\/div>\n\n<p style=\"text-align: justify;\">fm\/ed<\/p>\n","protected":false},"excerpt":{"rendered":"<p>Hasakeh, 31 may (SANA)\u00a0 Una manifestaci\u00f3n tuvo lugar hoy en la ciudad de Qamishli en el nordeste del pa\u00eds, en condena a las agresiones turcas y en rechazo a la presencia ilegal de EEUU y Turqu\u00eda en territorio sirio. Seg\u00fan reportes del corresponsal de SANA, la concentraci\u00f3n se efectu\u00f3 frente al centro cultural, y los &hellip;<\/p>\n","protected":false},"author":32,"featured_media":236449,"comment_status":"closed","ping_status":"closed","sticky":false,"template":"","format":"standard","meta":{"footnotes":""},"categories":[447,477,597,625,623,571,583],"tags":[],"class_list":["post-236444","post","type-post","status-publish","format-standard","has-post-thumbnail","","category-local-politica","category-noticias-edulcorantes","category-cinta-de-noticias","category-fotos-fotos-sana","category-fotos-sana","category-siria-en-fotos","category-slide"],"_links":{"self":[{"href":"https:\/\/archive.sana.sy\/es\/index.php?rest_route=\/wp\/v2\/posts\/236444"}],"collection":[{"href":"https:\/\/archive.sana.sy\/es\/index.php?rest_route=\/wp\/v2\/posts"}],"about":[{"href":"https:\/\/archive.sana.sy\/es\/index.php?rest_route=\/wp\/v2\/types\/post"}],"author":[{"embeddable":true,"href":"https:\/\/archive.sana.sy\/es\/index.php?rest_route=\/wp\/v2\/users\/32"}],"replies":[{"embeddable":true,"href":"https:\/\/archive.sana.sy\/es\/index.php?rest_route=%2Fwp%2Fv2%2Fcomments&post=236444"}],"version-history":[{"count":0,"href":"https:\/\/archive.sana.sy\/es\/index.php?rest_route=\/wp\/v2\/posts\/236444\/revisions"}],"wp:featuredmedia":[{"embeddable":true,"href":"https:\/\/archive.sana.sy\/es\/index.php?rest_route=\/wp\/v2\/media\/236449"}],"wp:attachment":[{"href":"https:\/\/archive.sana.sy\/es\/index.php?rest_route=%2Fwp%2Fv2%2Fmedia&parent=236444"}],"wp:term":[{"taxonomy":"category","embeddable":true,"href":"https:\/\/archive.sana.sy\/es\/index.php?rest_route=%2Fwp%2Fv2%2Fcategories&post=236444"},{"taxonomy":"post_tag","embeddable":true,"href":"https:\/\/archive.sana.sy\/es\/index.php?rest_route=%2Fwp%2Fv2%2Ftags&post=236444"}],"curies":[{"name":"wp","href":"https:\/\/api.w.org\/{rel}","templated":true}]}}