{"id":236453,"date":"2022-05-31T11:47:26","date_gmt":"2022-05-31T08:47:26","guid":{"rendered":"http:\/\/107.6.182.27\/es\/?p=236453"},"modified":"2023-01-10T15:57:59","modified_gmt":"2023-01-10T13:57:59","slug":"minuto-a-minuto97-dias-de-la-operacion-especial-rusa-en-ucrania","status":"publish","type":"post","link":"https:\/\/archive.sana.sy\/es\/?p=236453","title":{"rendered":"Minuto a Minuto\u202697 d\u00edas de la operaci\u00f3n especial rusa en Ucrania"},"content":{"rendered":"<p><strong><span style=\"color: #800000;\">Mosc\u00fa, 31 may (SANA)<\/span><\/strong><\/p>\n<p>????????Las fuerzas rusas bombardean con misiles y artiller\u00eda 38 puestos de mando y 417 sitios de concentraci\u00f3n de personal y equipos militares de las fuerzas ucranianas, y eliminan a 290 militares y combatientes, anuncia el Ministerio de Defensa de Rusia.<\/p>\n<p>????????Hallan sustancias qu\u00edmicas y armas occidentales remanente de los combatientes neonazis ucranianos en Azovstal.<\/p>\n<p>????????Los militares rusos hallan un cami\u00f3n minado con 152 cad\u00e1veres de soldados ucranianos en s\u00f3tanos de la planta Azovstal.<\/p>\n<p>????????Mizintsev: extremistas ucranianos asaltaron casas y secuestraron civiles en J\u00e1rkov.<\/p>\n<p>????????Rusia evacua a m\u00e1s de 15.000 personas de Donb\u00e1s y Ucrania a Rusia.<\/p>\n<p>ed\/fm<\/p>\n","protected":false},"excerpt":{"rendered":"<p>Mosc\u00fa, 31 may (SANA) ????????Las fuerzas rusas bombardean con misiles y artiller\u00eda 38 puestos de mando y 417 sitios de concentraci\u00f3n de personal y equipos militares de las fuerzas ucranianas, y eliminan a 290 militares y combatientes, anuncia el Ministerio de Defensa de Rusia. ????????Hallan sustancias qu\u00edmicas y armas occidentales remanente de los combatientes neonazis &hellip;<\/p>\n","protected":false},"author":32,"featured_media":236441,"comment_status":"closed","ping_status":"closed","sticky":false,"template":"","format":"standard","meta":{"footnotes":""},"categories":[597,456,7541],"tags":[],"class_list":["post-236453","post","type-post","status-publish","format-standard","has-post-thumbnail","","category-cinta-de-noticias","category-arabe-internacional-politica","category-ultimas-noticias"],"_links":{"self":[{"href":"https:\/\/archive.sana.sy\/es\/index.php?rest_route=\/wp\/v2\/posts\/236453"}],"collection":[{"href":"https:\/\/archive.sana.sy\/es\/index.php?rest_route=\/wp\/v2\/posts"}],"about":[{"href":"https:\/\/archive.sana.sy\/es\/index.php?rest_route=\/wp\/v2\/types\/post"}],"author":[{"embeddable":true,"href":"https:\/\/archive.sana.sy\/es\/index.php?rest_route=\/wp\/v2\/users\/32"}],"replies":[{"embeddable":true,"href":"https:\/\/archive.sana.sy\/es\/index.php?rest_route=%2Fwp%2Fv2%2Fcomments&post=236453"}],"version-history":[{"count":0,"href":"https:\/\/archive.sana.sy\/es\/index.php?rest_route=\/wp\/v2\/posts\/236453\/revisions"}],"wp:featuredmedia":[{"embeddable":true,"href":"https:\/\/archive.sana.sy\/es\/index.php?rest_route=\/wp\/v2\/media\/236441"}],"wp:attachment":[{"href":"https:\/\/archive.sana.sy\/es\/index.php?rest_route=%2Fwp%2Fv2%2Fmedia&parent=236453"}],"wp:term":[{"taxonomy":"category","embeddable":true,"href":"https:\/\/archive.sana.sy\/es\/index.php?rest_route=%2Fwp%2Fv2%2Fcategories&post=236453"},{"taxonomy":"post_tag","embeddable":true,"href":"https:\/\/archive.sana.sy\/es\/index.php?rest_route=%2Fwp%2Fv2%2Ftags&post=236453"}],"curies":[{"name":"wp","href":"https:\/\/api.w.org\/{rel}","templated":true}]}}