{"id":23649,"date":"2015-05-20T22:30:48","date_gmt":"2015-05-20T19:30:48","guid":{"rendered":"http:\/\/sana.sy\/es\/?p=23649"},"modified":"2015-05-20T22:30:48","modified_gmt":"2015-05-20T19:30:48","slug":"un-millon-de-estudiantes-de-las-escuelas-preparatorias-y-secundarias-comienzan-sus-examenes-finales","status":"publish","type":"post","link":"https:\/\/archive.sana.sy\/es\/?p=23649","title":{"rendered":"Un mill\u00f3n de estudiantes de las escuelas preparatorias y secundarias comienzan sus ex\u00e1menes finales"},"content":{"rendered":"<p><span style=\"color: #800000\">Damasco-SANA<\/span><\/p>\n<p style=\"text-align: justify\">Casi un mill\u00f3n de estudiantes sirios de las escuelas preparatorias y secundarias han acudido a las escuelas el mi\u00e9rcoles para presentarse a los ex\u00e1menes finales del a\u00f1o acad\u00e9mico 2014-2015.<\/p>\n<p style=\"text-align: justify\">Los directores de los departamentos de educaci\u00f3n en diferentes ciudades sirias afirmaron que los ex\u00e1menes se llevan a cabo en un \u00e1mbito normal, y agregando que el Ministerio de Educaci\u00f3n ha adoptado todos los procedimientos necesarios para que el proceso de ex\u00e1menes tenga el fruto esperado.<\/p>\n<p style=\"text-align: justify\">En el mismo contexto, los estudiantes del certificado de educaci\u00f3n b\u00e1sica continuaron sus ex\u00e1menes que comenzaron el pasado domingo en confortables ambientes.<\/p>\n<p>M.Miri, Riad.Sh<\/p>\n","protected":false},"excerpt":{"rendered":"<p>Damasco-SANA Casi un mill\u00f3n de estudiantes sirios de las escuelas preparatorias y secundarias han acudido a las escuelas el mi\u00e9rcoles para presentarse a los ex\u00e1menes finales del a\u00f1o acad\u00e9mico 2014-2015. Los directores de los departamentos de educaci\u00f3n en diferentes ciudades sirias afirmaron que los ex\u00e1menes se llevan a cabo en un \u00e1mbito normal, y agregando &hellip;<\/p>\n","protected":false},"author":1,"featured_media":23650,"comment_status":"closed","ping_status":"closed","sticky":false,"template":"","format":"standard","meta":{"footnotes":""},"categories":[477,476],"tags":[5338],"class_list":["post-23649","post","type-post","status-publish","format-standard","has-post-thumbnail","","category-noticias-edulcorantes","category-locales","tag-un-millon-de-estudiantes-de-las-escuelas-preparatorias-y-secundarias-comienzan-sus-examenes-finales"],"_links":{"self":[{"href":"https:\/\/archive.sana.sy\/es\/index.php?rest_route=\/wp\/v2\/posts\/23649"}],"collection":[{"href":"https:\/\/archive.sana.sy\/es\/index.php?rest_route=\/wp\/v2\/posts"}],"about":[{"href":"https:\/\/archive.sana.sy\/es\/index.php?rest_route=\/wp\/v2\/types\/post"}],"author":[{"embeddable":true,"href":"https:\/\/archive.sana.sy\/es\/index.php?rest_route=\/wp\/v2\/users\/1"}],"replies":[{"embeddable":true,"href":"https:\/\/archive.sana.sy\/es\/index.php?rest_route=%2Fwp%2Fv2%2Fcomments&post=23649"}],"version-history":[{"count":0,"href":"https:\/\/archive.sana.sy\/es\/index.php?rest_route=\/wp\/v2\/posts\/23649\/revisions"}],"wp:featuredmedia":[{"embeddable":true,"href":"https:\/\/archive.sana.sy\/es\/index.php?rest_route=\/wp\/v2\/media\/23650"}],"wp:attachment":[{"href":"https:\/\/archive.sana.sy\/es\/index.php?rest_route=%2Fwp%2Fv2%2Fmedia&parent=23649"}],"wp:term":[{"taxonomy":"category","embeddable":true,"href":"https:\/\/archive.sana.sy\/es\/index.php?rest_route=%2Fwp%2Fv2%2Fcategories&post=23649"},{"taxonomy":"post_tag","embeddable":true,"href":"https:\/\/archive.sana.sy\/es\/index.php?rest_route=%2Fwp%2Fv2%2Ftags&post=23649"}],"curies":[{"name":"wp","href":"https:\/\/api.w.org\/{rel}","templated":true}]}}