{"id":236498,"date":"2022-05-31T17:09:26","date_gmt":"2022-05-31T14:09:26","guid":{"rendered":"http:\/\/107.6.182.27\/es\/?p=236498"},"modified":"2022-05-31T17:09:26","modified_gmt":"2022-05-31T14:09:26","slug":"siria-y-la-oms-abordan-fortalecimiento-de-la-cooperacion","status":"publish","type":"post","link":"https:\/\/archive.sana.sy\/es\/?p=236498","title":{"rendered":"Siria y la OMS abordan fortalecimiento de la cooperaci\u00f3n"},"content":{"rendered":"<p style=\"text-align: justify;\"><span style=\"color: #800000;\"><strong>Ginebra, 31 may (SANA)<\/strong><\/span> El ministro sirio de Salud, Hassan al-Ghabash, discuti\u00f3 con el director general de la Organizaci\u00f3n Mundial (OMS) de la Salud, Tedros Ghebreyesus, formas de mejorar la cooperaci\u00f3n para asegurar equipos m\u00e9dicos y desarrollar servicios de atenci\u00f3n m\u00e9dica.<\/p>\n<p style=\"text-align: justify;\">Ghobash se refiri\u00f3, durante su encuentro con Ghebreyesus en Ginebra , a las dificultades que enfrenta Siria como resultado de la guerra terrorista y las medidas coercitivas unilaterales aplicadas contra el pa\u00eds.<\/p>\n<p style=\"text-align: justify;\">Asimismo, aclar\u00f3 los esfuerzos realizados por el gobierno sirio en torno a la campa\u00f1a de vacunaci\u00f3n contra el Coronavirus, adem\u00e1s de discutir los \u00faltimos desarrollos de la pandemia a nivel mundial.<\/p>\n<p style=\"text-align: justify;\">El ministro sirio explic\u00f3 las condiciones de salud en el Gol\u00e1n sirio ocupado y el sufrimiento de su pueblo a causa de las pol\u00edticas discriminatorias israel\u00edes que les impiden disfrutar de sus derechos b\u00e1sicos, incluido el derecho a la salud.<\/p>\n<p style=\"text-align: justify;\">Por su parte, Ghebreyesus elogi\u00f3 los esfuerzos realizados por Siria para proteger a sus ciudadanos de la pandemia de (Covid-19), y reiter\u00f3 el compromiso de la organizaci\u00f3n de continuar brindando el apoyo que requiere Siria para fortalecer el sector de salud, destacando el inter\u00e9s de la organizaci\u00f3n en dar seguimiento a las condiciones de salud en los territorios \u00e1rabes ocupados.<\/p>\n<p>&nbsp;<\/p>\n<p>mm<\/p>\n<p>&nbsp;<\/p>\n","protected":false},"excerpt":{"rendered":"<p>Ginebra, 31 may (SANA) El ministro sirio de Salud, Hassan al-Ghabash, discuti\u00f3 con el director general de la Organizaci\u00f3n Mundial (OMS) de la Salud, Tedros Ghebreyesus, formas de mejorar la cooperaci\u00f3n para asegurar equipos m\u00e9dicos y desarrollar servicios de atenci\u00f3n m\u00e9dica. Ghobash se refiri\u00f3, durante su encuentro con Ghebreyesus en Ginebra , a las dificultades &hellip;<\/p>\n","protected":false},"author":36,"featured_media":236499,"comment_status":"closed","ping_status":"closed","sticky":false,"template":"","format":"standard","meta":{"footnotes":""},"categories":[597,467,7541],"tags":[],"class_list":["post-236498","post","type-post","status-publish","format-standard","has-post-thumbnail","","category-cinta-de-noticias","category-siria-y-el-mundo","category-ultimas-noticias"],"_links":{"self":[{"href":"https:\/\/archive.sana.sy\/es\/index.php?rest_route=\/wp\/v2\/posts\/236498"}],"collection":[{"href":"https:\/\/archive.sana.sy\/es\/index.php?rest_route=\/wp\/v2\/posts"}],"about":[{"href":"https:\/\/archive.sana.sy\/es\/index.php?rest_route=\/wp\/v2\/types\/post"}],"author":[{"embeddable":true,"href":"https:\/\/archive.sana.sy\/es\/index.php?rest_route=\/wp\/v2\/users\/36"}],"replies":[{"embeddable":true,"href":"https:\/\/archive.sana.sy\/es\/index.php?rest_route=%2Fwp%2Fv2%2Fcomments&post=236498"}],"version-history":[{"count":0,"href":"https:\/\/archive.sana.sy\/es\/index.php?rest_route=\/wp\/v2\/posts\/236498\/revisions"}],"wp:featuredmedia":[{"embeddable":true,"href":"https:\/\/archive.sana.sy\/es\/index.php?rest_route=\/wp\/v2\/media\/236499"}],"wp:attachment":[{"href":"https:\/\/archive.sana.sy\/es\/index.php?rest_route=%2Fwp%2Fv2%2Fmedia&parent=236498"}],"wp:term":[{"taxonomy":"category","embeddable":true,"href":"https:\/\/archive.sana.sy\/es\/index.php?rest_route=%2Fwp%2Fv2%2Fcategories&post=236498"},{"taxonomy":"post_tag","embeddable":true,"href":"https:\/\/archive.sana.sy\/es\/index.php?rest_route=%2Fwp%2Fv2%2Ftags&post=236498"}],"curies":[{"name":"wp","href":"https:\/\/api.w.org\/{rel}","templated":true}]}}