{"id":236501,"date":"2022-05-31T17:36:27","date_gmt":"2022-05-31T14:36:27","guid":{"rendered":"http:\/\/107.6.182.27\/es\/?p=236501"},"modified":"2023-01-10T15:12:52","modified_gmt":"2023-01-10T13:12:52","slug":"siria-e-iran-aprueban-plan-de-accion-comercial","status":"publish","type":"post","link":"https:\/\/archive.sana.sy\/es\/?p=236501","title":{"rendered":"Siria e Ir\u00e1n aprueban plan de acci\u00f3n comercial"},"content":{"rendered":"<p style=\"text-align: justify;\"><strong><span style=\"color: #800000;\">Teher\u00e1n, 31 may (SANA)<\/span><\/strong> Las dos juntas directivas de la C\u00e1mara de Comercio Conjunta sirio-iran\u00ed acordaron hoy un plan de acci\u00f3n que contribuye al desarrollo de las relaciones comerciales entre los dos pa\u00edses.<\/p>\n<p style=\"text-align: justify;\">Durante su reuni\u00f3n anual, celebrada hoy en la capital iran\u00ed, los dos Juntas discutieron este plan y las formas de implementarlo.<\/p>\n<p style=\"text-align: justify;\">Con el objetivo de facilitar el flujo de mercanc\u00edas entre los dos pa\u00edses, se destac\u00f3 la necesidad de que cada pa\u00eds excluya al otro de las listas de prohibici\u00f3n de importaci\u00f3n, y ayudar a los productos sirios a ingresar a Ir\u00e1n, teniendo en cuenta las circunstancias por las que atraviesa Siria.<\/p>\n<p style=\"text-align: justify;\">Las dos partes enfatizaron la necesidad de resolver el problema de la transferencia financiera a trav\u00e9s de la contra con un banco privado en ambos pa\u00edses para garantizar la transferencia de fondos.<\/p>\n<p style=\"text-align: justify;\">El plan inclu\u00eda el establecimiento de un banco de datos integral sobre las actividades econ\u00f3micas y de inversi\u00f3n en los dos pa\u00edses, lo que facilitar\u00eda el acceso a los productos requeridos por los exportadores e importadores.<\/p>\n<p style=\"text-align: justify;\">Las dos partes acordaron hacer esfuerzos para celebrar exhibiciones de venta directa de los productos de los dos pa\u00edses, organizar foros econ\u00f3micos, comerciales y de inversi\u00f3n y establecer un centro comercial para productos sirios en Ir\u00e1n con la ayuda de la parte iran\u00ed.<\/p>\n<p style=\"text-align: justify;\">En cuanto a la industria tur\u00edstica entre los dos pa\u00edses, se trabajar\u00e1 para apoyar los esfuerzos de las empresas y agencias de turismo, y para incluir todo tipo de turismo y elevar el n\u00famero de viajes a\u00e9reos entre los dos pa\u00edses.<\/p>\n<p>mm<\/p>\n<p>&nbsp;<\/p>\n<p>&nbsp;<\/p>\n","protected":false},"excerpt":{"rendered":"<p>Teher\u00e1n, 31 may (SANA) Las dos juntas directivas de la C\u00e1mara de Comercio Conjunta sirio-iran\u00ed acordaron hoy un plan de acci\u00f3n que contribuye al desarrollo de las relaciones comerciales entre los dos pa\u00edses. Durante su reuni\u00f3n anual, celebrada hoy en la capital iran\u00ed, los dos Juntas discutieron este plan y las formas de implementarlo. Con &hellip;<\/p>\n","protected":false},"author":36,"featured_media":236502,"comment_status":"closed","ping_status":"closed","sticky":false,"template":"","format":"standard","meta":{"footnotes":""},"categories":[597,16686,485],"tags":[],"class_list":["post-236501","post","type-post","status-publish","format-standard","has-post-thumbnail","","category-cinta-de-noticias","category-economia","category-informes-negocios-y-finanzas"],"_links":{"self":[{"href":"https:\/\/archive.sana.sy\/es\/index.php?rest_route=\/wp\/v2\/posts\/236501"}],"collection":[{"href":"https:\/\/archive.sana.sy\/es\/index.php?rest_route=\/wp\/v2\/posts"}],"about":[{"href":"https:\/\/archive.sana.sy\/es\/index.php?rest_route=\/wp\/v2\/types\/post"}],"author":[{"embeddable":true,"href":"https:\/\/archive.sana.sy\/es\/index.php?rest_route=\/wp\/v2\/users\/36"}],"replies":[{"embeddable":true,"href":"https:\/\/archive.sana.sy\/es\/index.php?rest_route=%2Fwp%2Fv2%2Fcomments&post=236501"}],"version-history":[{"count":0,"href":"https:\/\/archive.sana.sy\/es\/index.php?rest_route=\/wp\/v2\/posts\/236501\/revisions"}],"wp:featuredmedia":[{"embeddable":true,"href":"https:\/\/archive.sana.sy\/es\/index.php?rest_route=\/wp\/v2\/media\/236502"}],"wp:attachment":[{"href":"https:\/\/archive.sana.sy\/es\/index.php?rest_route=%2Fwp%2Fv2%2Fmedia&parent=236501"}],"wp:term":[{"taxonomy":"category","embeddable":true,"href":"https:\/\/archive.sana.sy\/es\/index.php?rest_route=%2Fwp%2Fv2%2Fcategories&post=236501"},{"taxonomy":"post_tag","embeddable":true,"href":"https:\/\/archive.sana.sy\/es\/index.php?rest_route=%2Fwp%2Fv2%2Ftags&post=236501"}],"curies":[{"name":"wp","href":"https:\/\/api.w.org\/{rel}","templated":true}]}}