{"id":236507,"date":"2022-05-31T18:36:26","date_gmt":"2022-05-31T15:36:26","guid":{"rendered":"http:\/\/107.6.182.27\/es\/?p=236507"},"modified":"2022-05-31T19:22:26","modified_gmt":"2022-05-31T16:22:26","slug":"conversaciones-sirio-rusas-sobre-los-ultimos-desarrollos-en-siria-y-la-region","status":"publish","type":"post","link":"https:\/\/archive.sana.sy\/es\/?p=236507","title":{"rendered":"Conversaciones sirio-rusas sobre los \u00faltimos desarrollos en Siria y la regi\u00f3n"},"content":{"rendered":"<p style=\"text-align: justify;\"><span style=\"color: #800000;\"><strong>Mosc\u00fa, 31 may (SANA)<\/strong> <\/span>El asesor del ministro de Exteriores y Expatriados, Ayman Susan, discuti\u00f3 hoy en Mosc\u00fa con el viceministro de Relaciones Exteriores de Rusia, Sergey Vershinin, los \u00faltimos desarrollos en Siria, la regi\u00f3n y el mundo, y las formas de cooperaci\u00f3n y coordinaci\u00f3n conjunta.<\/p>\n<p style=\"text-align: justify;\">Las dos partes destacaron la importancia de intensificar la cooperaci\u00f3n, la coordinaci\u00f3n y el apoyo mutuo entre Siria y Rusia en los foros internacionales sobre diversos temas de inter\u00e9s com\u00fan. Tambi\u00e9n revisaron los temas relacionados con la situaci\u00f3n en Siria y la coordinaci\u00f3n bilateral en este sentido.<\/p>\n<p style=\"text-align: justify;\">Susan ratific\u00f3 el pleno apoyo de Siria al derecho de Rusia a defenderse frente a la campa\u00f1a occidental hostil en su contra y a poner fin a los intentos de Occidente de dominar el mundo.<\/p>\n<p style=\"text-align: justify;\">El diplom\u00e1tico sirio se refiri\u00f3 a los peligros de las pol\u00edticas del r\u00e9gimen turco en la regi\u00f3n, subrayando la necesidad de poner fin a estas pol\u00edticas, que contradicen abiertamente las disposiciones del derecho internacional y representan una grave amenaza para la seguridad y la estabilidad en la regi\u00f3n.<\/p>\n<p style=\"text-align: justify;\">Vershinin, a su vez, expres\u00f3 el agradecimiento de su pa\u00eds al liderazgo sirio y su pueblo por su postura hacia la operaci\u00f3n militar especial rusa en Ucrania, adem\u00e1s confirm\u00f3 la firme posici\u00f3n rusa en t\u00e9rminos de compromiso con la soberan\u00eda, la independencia y la integridad territorial de Siria, y se\u00f1al\u00f3 que Rusia contin\u00faa brindando asistencia para reforzar la estabilidad en Siria y proseguir la lucha contra el terrorismo.<\/p>\n<p>mm<\/p>\n<p>&nbsp;<\/p>\n","protected":false},"excerpt":{"rendered":"<p>Mosc\u00fa, 31 may (SANA) El asesor del ministro de Exteriores y Expatriados, Ayman Susan, discuti\u00f3 hoy en Mosc\u00fa con el viceministro de Relaciones Exteriores de Rusia, Sergey Vershinin, los \u00faltimos desarrollos en Siria, la regi\u00f3n y el mundo, y las formas de cooperaci\u00f3n y coordinaci\u00f3n conjunta. Las dos partes destacaron la importancia de intensificar la &hellip;<\/p>\n","protected":false},"author":36,"featured_media":236508,"comment_status":"closed","ping_status":"closed","sticky":false,"template":"","format":"standard","meta":{"footnotes":""},"categories":[597,467,7541],"tags":[],"class_list":["post-236507","post","type-post","status-publish","format-standard","has-post-thumbnail","","category-cinta-de-noticias","category-siria-y-el-mundo","category-ultimas-noticias"],"_links":{"self":[{"href":"https:\/\/archive.sana.sy\/es\/index.php?rest_route=\/wp\/v2\/posts\/236507"}],"collection":[{"href":"https:\/\/archive.sana.sy\/es\/index.php?rest_route=\/wp\/v2\/posts"}],"about":[{"href":"https:\/\/archive.sana.sy\/es\/index.php?rest_route=\/wp\/v2\/types\/post"}],"author":[{"embeddable":true,"href":"https:\/\/archive.sana.sy\/es\/index.php?rest_route=\/wp\/v2\/users\/36"}],"replies":[{"embeddable":true,"href":"https:\/\/archive.sana.sy\/es\/index.php?rest_route=%2Fwp%2Fv2%2Fcomments&post=236507"}],"version-history":[{"count":0,"href":"https:\/\/archive.sana.sy\/es\/index.php?rest_route=\/wp\/v2\/posts\/236507\/revisions"}],"wp:featuredmedia":[{"embeddable":true,"href":"https:\/\/archive.sana.sy\/es\/index.php?rest_route=\/wp\/v2\/media\/236508"}],"wp:attachment":[{"href":"https:\/\/archive.sana.sy\/es\/index.php?rest_route=%2Fwp%2Fv2%2Fmedia&parent=236507"}],"wp:term":[{"taxonomy":"category","embeddable":true,"href":"https:\/\/archive.sana.sy\/es\/index.php?rest_route=%2Fwp%2Fv2%2Fcategories&post=236507"},{"taxonomy":"post_tag","embeddable":true,"href":"https:\/\/archive.sana.sy\/es\/index.php?rest_route=%2Fwp%2Fv2%2Ftags&post=236507"}],"curies":[{"name":"wp","href":"https:\/\/api.w.org\/{rel}","templated":true}]}}