{"id":236510,"date":"2022-05-31T18:53:37","date_gmt":"2022-05-31T15:53:37","guid":{"rendered":"http:\/\/107.6.182.27\/es\/?p=236510"},"modified":"2023-01-10T15:57:58","modified_gmt":"2023-01-10T13:57:58","slug":"fuerzas-de-seguridad-iraquies-arrestan-a-celula-terrorista-en-el-norte-del-pais","status":"publish","type":"post","link":"https:\/\/archive.sana.sy\/es\/?p=236510","title":{"rendered":"Fuerzas de seguridad iraqu\u00edes arrestan a c\u00e9lula terrorista en el norte del pa\u00eds"},"content":{"rendered":"<p style=\"text-align: justify;\"><strong><span style=\"color: #800000;\">Bagdad, 31 may (SANA)<\/span><\/strong> Las fuerzas de seguridad iraqu\u00edes arrestaron a una c\u00e9lula terrorista afiliada a la organizaci\u00f3n terrorista (Daesh) en la gobernaci\u00f3n de N\u00ednive, en el norte del pa\u00eds.<\/p>\n<p style=\"text-align: justify;\">&#8220;La agencia de inteligencia pudo llevar a cabo una operaci\u00f3n cualitativa que result\u00f3 en el arresto de un grupo afiliado a la organizaci\u00f3n terrorista Daesh responsable de transportar terroristas y c\u00e9lulas durmientes en la gobernaci\u00f3n de N\u00ednive&#8221;, explic\u00f3 la C\u00e9lula de Medios del servicio de Seguridad iraqu\u00ed.<\/p>\n<p style=\"text-align: justify;\">El pasado lunes, las fuerzas iraqu\u00edes neutralizaron a seis elementos terroristas en dos operaciones separadas en las provincias de N\u00ednive y Diyala, norte y centro del pa\u00eds.<\/p>\n<p>&nbsp;<\/p>\n<p>mm<\/p>\n","protected":false},"excerpt":{"rendered":"<p>Bagdad, 31 may (SANA) Las fuerzas de seguridad iraqu\u00edes arrestaron a una c\u00e9lula terrorista afiliada a la organizaci\u00f3n terrorista (Daesh) en la gobernaci\u00f3n de N\u00ednive, en el norte del pa\u00eds. &#8220;La agencia de inteligencia pudo llevar a cabo una operaci\u00f3n cualitativa que result\u00f3 en el arresto de un grupo afiliado a la organizaci\u00f3n terrorista Daesh &hellip;<\/p>\n","protected":false},"author":36,"featured_media":236511,"comment_status":"closed","ping_status":"closed","sticky":false,"template":"","format":"standard","meta":{"footnotes":""},"categories":[597,456,457],"tags":[],"class_list":["post-236510","post","type-post","status-publish","format-standard","has-post-thumbnail","","category-cinta-de-noticias","category-arabe-internacional-politica","category-noticias-arabe-internacional-politica"],"_links":{"self":[{"href":"https:\/\/archive.sana.sy\/es\/index.php?rest_route=\/wp\/v2\/posts\/236510"}],"collection":[{"href":"https:\/\/archive.sana.sy\/es\/index.php?rest_route=\/wp\/v2\/posts"}],"about":[{"href":"https:\/\/archive.sana.sy\/es\/index.php?rest_route=\/wp\/v2\/types\/post"}],"author":[{"embeddable":true,"href":"https:\/\/archive.sana.sy\/es\/index.php?rest_route=\/wp\/v2\/users\/36"}],"replies":[{"embeddable":true,"href":"https:\/\/archive.sana.sy\/es\/index.php?rest_route=%2Fwp%2Fv2%2Fcomments&post=236510"}],"version-history":[{"count":0,"href":"https:\/\/archive.sana.sy\/es\/index.php?rest_route=\/wp\/v2\/posts\/236510\/revisions"}],"wp:featuredmedia":[{"embeddable":true,"href":"https:\/\/archive.sana.sy\/es\/index.php?rest_route=\/wp\/v2\/media\/236511"}],"wp:attachment":[{"href":"https:\/\/archive.sana.sy\/es\/index.php?rest_route=%2Fwp%2Fv2%2Fmedia&parent=236510"}],"wp:term":[{"taxonomy":"category","embeddable":true,"href":"https:\/\/archive.sana.sy\/es\/index.php?rest_route=%2Fwp%2Fv2%2Fcategories&post=236510"},{"taxonomy":"post_tag","embeddable":true,"href":"https:\/\/archive.sana.sy\/es\/index.php?rest_route=%2Fwp%2Fv2%2Ftags&post=236510"}],"curies":[{"name":"wp","href":"https:\/\/api.w.org\/{rel}","templated":true}]}}