{"id":236516,"date":"2022-05-31T19:18:10","date_gmt":"2022-05-31T16:18:10","guid":{"rendered":"http:\/\/107.6.182.27\/es\/?p=236516"},"modified":"2022-05-31T19:18:10","modified_gmt":"2022-05-31T16:18:10","slug":"siria-y-abjasia-abordan-fortalecer-relaciones-bilaterales","status":"publish","type":"post","link":"https:\/\/archive.sana.sy\/es\/?p=236516","title":{"rendered":"Siria y Abjasia abordan fortalecer relaciones bilaterales"},"content":{"rendered":"<p style=\"text-align: justify;\"><span style=\"color: #800000;\"><strong>Mosc\u00fa, 31 may (SANA)<\/strong><\/span> El Embajador de Siria en Rusia, Riad Haddad, discuti\u00f3 con el Ministro de Relaciones Exteriores de la Rep\u00fablica de Abjasia, Inal Ardzinba, las relaciones bilaterales entre los dos pa\u00edses y las formas de desarrollarlas.<\/p>\n<p style=\"text-align: justify;\">Durante su encuentro en la sede de la embajada siria en Mosc\u00fa, Haddad destac\u00f3 el nivel alcanzado por las relaciones sirio-abjasias desde el establecimiento de relaciones diplom\u00e1ticas entre los dos pa\u00edses en 2018.<\/p>\n<p style=\"text-align: justify;\">El Embajador Haddad tambi\u00e9n destac\u00f3 la importancia de fortalecer la cooperaci\u00f3n econ\u00f3mica, comercial y cultural entre los dos pa\u00edses, especialmente a la luz de las condiciones actuales en el mundo.<\/p>\n<p style=\"text-align: justify;\">A su vez, Ardzinba expres\u00f3 el deseo de su pa\u00eds de desarrollar el nivel de las relaciones de cooperaci\u00f3n con Siria en varios campos.<\/p>\n<p>&nbsp;<\/p>\n<p>mm<\/p>\n","protected":false},"excerpt":{"rendered":"<p>Mosc\u00fa, 31 may (SANA) El Embajador de Siria en Rusia, Riad Haddad, discuti\u00f3 con el Ministro de Relaciones Exteriores de la Rep\u00fablica de Abjasia, Inal Ardzinba, las relaciones bilaterales entre los dos pa\u00edses y las formas de desarrollarlas. Durante su encuentro en la sede de la embajada siria en Mosc\u00fa, Haddad destac\u00f3 el nivel alcanzado &hellip;<\/p>\n","protected":false},"author":36,"featured_media":236517,"comment_status":"closed","ping_status":"closed","sticky":false,"template":"","format":"standard","meta":{"footnotes":""},"categories":[597,467],"tags":[],"class_list":["post-236516","post","type-post","status-publish","format-standard","has-post-thumbnail","","category-cinta-de-noticias","category-siria-y-el-mundo"],"_links":{"self":[{"href":"https:\/\/archive.sana.sy\/es\/index.php?rest_route=\/wp\/v2\/posts\/236516"}],"collection":[{"href":"https:\/\/archive.sana.sy\/es\/index.php?rest_route=\/wp\/v2\/posts"}],"about":[{"href":"https:\/\/archive.sana.sy\/es\/index.php?rest_route=\/wp\/v2\/types\/post"}],"author":[{"embeddable":true,"href":"https:\/\/archive.sana.sy\/es\/index.php?rest_route=\/wp\/v2\/users\/36"}],"replies":[{"embeddable":true,"href":"https:\/\/archive.sana.sy\/es\/index.php?rest_route=%2Fwp%2Fv2%2Fcomments&post=236516"}],"version-history":[{"count":0,"href":"https:\/\/archive.sana.sy\/es\/index.php?rest_route=\/wp\/v2\/posts\/236516\/revisions"}],"wp:featuredmedia":[{"embeddable":true,"href":"https:\/\/archive.sana.sy\/es\/index.php?rest_route=\/wp\/v2\/media\/236517"}],"wp:attachment":[{"href":"https:\/\/archive.sana.sy\/es\/index.php?rest_route=%2Fwp%2Fv2%2Fmedia&parent=236516"}],"wp:term":[{"taxonomy":"category","embeddable":true,"href":"https:\/\/archive.sana.sy\/es\/index.php?rest_route=%2Fwp%2Fv2%2Fcategories&post=236516"},{"taxonomy":"post_tag","embeddable":true,"href":"https:\/\/archive.sana.sy\/es\/index.php?rest_route=%2Fwp%2Fv2%2Ftags&post=236516"}],"curies":[{"name":"wp","href":"https:\/\/api.w.org\/{rel}","templated":true}]}}