{"id":23655,"date":"2015-05-20T23:01:35","date_gmt":"2015-05-20T20:01:35","guid":{"rendered":"http:\/\/sana.sy\/es\/?p=23655"},"modified":"2015-05-21T18:14:45","modified_gmt":"2015-05-21T15:14:45","slug":"el-director-de-museos-y-antiguedades-ninguna-reaccion-real-por-parte-de-la-comunidad-internacional-para-rescatar-a-palmira","status":"publish","type":"post","link":"https:\/\/archive.sana.sy\/es\/?p=23655","title":{"rendered":"El Director de Museos y Antig\u00fcedades: ninguna reacci\u00f3n real por parte de la comunidad internacional para rescatar a Palmira"},"content":{"rendered":"<p><span style=\"color: #800000\">Damasco-SANA<\/span><\/p>\n<p style=\"text-align: justify\">El Director General de Museos y Antig\u00fcedades en Siria Maamoun Abdul-Kareem dijo el mi\u00e9rcoles que ha sido un brutal ataque terrorista, por el Estado Isl\u00e1mico (EI) para tomar el control de la antigua ciudad de Palmira considerada como una de las ciudades m\u00e1s importantes en el patrimonio mundial de la UNESCO.<\/p>\n<p style=\"text-align: justify\">&#8220;el ataque terrorista del (EI) en Palmira es una venganza de la sociedad siria y la civilizaci\u00f3n&#8221;, dijo Abdul-Kareem a SANA, a\u00f1adiendo que Palmira es una ciudad siria internacional que est\u00e1 registrada en la lista del Patrimonio Mundial.<\/p>\n<p style=\"text-align: justify\">&#8220;Ten\u00edamos la esperanza de que la comunidad internacional no dejar\u00eda de defender a la ciudad de Palmira, pero no notamos ninguna reacci\u00f3n real por ella&#8221;, dijo Abdul-Kareem, refiri\u00e9ndose a los grandes sacrificios ofrecidos por el ej\u00e9rcito sirio para proteger la ciudad de los terroristas.<\/p>\n<p style=\"text-align: justify\">El mismo afirm\u00f3 que cientos de estatuas fueron rescatadas a trav\u00e9s de una serie de procedimientos adoptadas por el Ministerio de Cultura que las traslad\u00f3 a zonas seguras, expresando su preocupaci\u00f3n por el destino de los monumentos y templos en Palmira del peligro de los terroristas del (EI).<\/p>\n<p>M.Miri, Riad.Sh<\/p>\n","protected":false},"excerpt":{"rendered":"<p>Damasco-SANA El Director General de Museos y Antig\u00fcedades en Siria Maamoun Abdul-Kareem dijo el mi\u00e9rcoles que ha sido un brutal ataque terrorista, por el Estado Isl\u00e1mico (EI) para tomar el control de la antigua ciudad de Palmira considerada como una de las ciudades m\u00e1s importantes en el patrimonio mundial de la UNESCO. &#8220;el ataque terrorista &hellip;<\/p>\n","protected":false},"author":1,"featured_media":23656,"comment_status":"closed","ping_status":"closed","sticky":false,"template":"","format":"standard","meta":{"footnotes":""},"categories":[477,510,476,515],"tags":[5340],"class_list":["post-23655","post","type-post","status-publish","format-standard","has-post-thumbnail","","category-noticias-edulcorantes","category-arte-y-cultura","category-locales","category-noticias-arte-y-cultura","tag-el-director-de-museos-y-antiguedades-ninguna-reaccion-real-por-parte-de-la-comunidad-internacional-para-rescatar-a-palmira"],"_links":{"self":[{"href":"https:\/\/archive.sana.sy\/es\/index.php?rest_route=\/wp\/v2\/posts\/23655"}],"collection":[{"href":"https:\/\/archive.sana.sy\/es\/index.php?rest_route=\/wp\/v2\/posts"}],"about":[{"href":"https:\/\/archive.sana.sy\/es\/index.php?rest_route=\/wp\/v2\/types\/post"}],"author":[{"embeddable":true,"href":"https:\/\/archive.sana.sy\/es\/index.php?rest_route=\/wp\/v2\/users\/1"}],"replies":[{"embeddable":true,"href":"https:\/\/archive.sana.sy\/es\/index.php?rest_route=%2Fwp%2Fv2%2Fcomments&post=23655"}],"version-history":[{"count":0,"href":"https:\/\/archive.sana.sy\/es\/index.php?rest_route=\/wp\/v2\/posts\/23655\/revisions"}],"wp:featuredmedia":[{"embeddable":true,"href":"https:\/\/archive.sana.sy\/es\/index.php?rest_route=\/wp\/v2\/media\/23656"}],"wp:attachment":[{"href":"https:\/\/archive.sana.sy\/es\/index.php?rest_route=%2Fwp%2Fv2%2Fmedia&parent=23655"}],"wp:term":[{"taxonomy":"category","embeddable":true,"href":"https:\/\/archive.sana.sy\/es\/index.php?rest_route=%2Fwp%2Fv2%2Fcategories&post=23655"},{"taxonomy":"post_tag","embeddable":true,"href":"https:\/\/archive.sana.sy\/es\/index.php?rest_route=%2Fwp%2Fv2%2Ftags&post=23655"}],"curies":[{"name":"wp","href":"https:\/\/api.w.org\/{rel}","templated":true}]}}