{"id":23658,"date":"2015-05-21T12:02:44","date_gmt":"2015-05-21T09:02:44","guid":{"rendered":"http:\/\/sana.sy\/es\/?p=23658"},"modified":"2015-05-21T14:52:59","modified_gmt":"2015-05-21T11:52:59","slug":"fuerzas-de-defensa-popular-se-retiran-de-palmira-despues-de-garantizar-una-salida-segura-para-los-civiles","status":"publish","type":"post","link":"https:\/\/archive.sana.sy\/es\/?p=23658","title":{"rendered":"Fuerzas de Defensa Popular se retiran de Palmira despu\u00e9s de garantizar una salida segura para los civiles"},"content":{"rendered":"<div><span style=\"color: #ff0000\">Provincias, SANA<\/span><\/div>\n<div><span lang=\"ES-TRAD\" style=\"color: #ff0000\">\u00a0<\/span><\/div>\n<div><span lang=\"ES-TRAD\">Las Fuerzas de Defensa Nacional se retiraron de los barrios de la ciudad de Palmira despu\u00e9s de garantizar una salida segura para la \u00a0mayor\u00eda de sus pobladores.<\/span><\/div>\n<div><span lang=\"ES-TRAD\">\u00a0<\/span><\/div>\n<div><span lang=\"ES-TRAD\">La retirada se produjo despu\u00e9s del env\u00edo de miles de combatientes yihadistas por parte de la organizaci\u00f3n terrorista del Estado Isl\u00e1mico, y que tratan de entrar a los sitios arqueol\u00f3gicos para atrincherarse dentro de los mismos.<\/span><\/div>\n<div><span lang=\"ES-TRAD\">\u00a0<\/span><\/div>\n<div><span lang=\"ES-TRAD\">Por otro lado, unidades de las Fuerzas Armadas repelieron a ataques de bandas terroristas del Estado Isl\u00e1mico contra la Tercera Planta de petr\u00f3leo y a una serie de puestos militares en los alrededores del campo petrolero de Jazal.<\/span><\/div>\n<div><span lang=\"ES-TRAD\">\u00a0<\/span><\/div>\n<div><span lang=\"ES-TRAD\">Por otro lado, una fuente militar habl\u00f3 de la destrucci\u00f3n de cinco veh\u00edculos blindados y la eliminaci\u00f3n de decenas de terroristas en un ataque a\u00e9reo contra un convoy de terroristas del Estado Isl\u00e1mico en la carretera entre Sukhna y Palmira.<\/span><\/div>\n<div><\/div>\n<div><\/div>\n<div><span style=\"color: #00ccff\">Fady M., Hala B.<\/span><\/div>\n","protected":false},"excerpt":{"rendered":"<p>Provincias, SANA \u00a0 Las Fuerzas de Defensa Nacional se retiraron de los barrios de la ciudad de Palmira despu\u00e9s de garantizar una salida segura para la \u00a0mayor\u00eda de sus pobladores. \u00a0 La retirada se produjo despu\u00e9s del env\u00edo de miles de combatientes yihadistas por parte de la organizaci\u00f3n terrorista del Estado Isl\u00e1mico, y que tratan &hellip;<\/p>\n","protected":false},"author":1,"featured_media":23659,"comment_status":"closed","ping_status":"closed","sticky":false,"template":"","format":"standard","meta":{"footnotes":""},"categories":[573],"tags":[5341],"class_list":["post-23658","post","type-post","status-publish","format-standard","has-post-thumbnail","","category-la-realidad-de-los-acontecimientos-en-siria","tag-fuerzas-de-defensa-popular-se-retiran-de-palmira-despues-de-garantizar-una-salida-segura-para-los-civiles"],"_links":{"self":[{"href":"https:\/\/archive.sana.sy\/es\/index.php?rest_route=\/wp\/v2\/posts\/23658"}],"collection":[{"href":"https:\/\/archive.sana.sy\/es\/index.php?rest_route=\/wp\/v2\/posts"}],"about":[{"href":"https:\/\/archive.sana.sy\/es\/index.php?rest_route=\/wp\/v2\/types\/post"}],"author":[{"embeddable":true,"href":"https:\/\/archive.sana.sy\/es\/index.php?rest_route=\/wp\/v2\/users\/1"}],"replies":[{"embeddable":true,"href":"https:\/\/archive.sana.sy\/es\/index.php?rest_route=%2Fwp%2Fv2%2Fcomments&post=23658"}],"version-history":[{"count":0,"href":"https:\/\/archive.sana.sy\/es\/index.php?rest_route=\/wp\/v2\/posts\/23658\/revisions"}],"wp:featuredmedia":[{"embeddable":true,"href":"https:\/\/archive.sana.sy\/es\/index.php?rest_route=\/wp\/v2\/media\/23659"}],"wp:attachment":[{"href":"https:\/\/archive.sana.sy\/es\/index.php?rest_route=%2Fwp%2Fv2%2Fmedia&parent=23658"}],"wp:term":[{"taxonomy":"category","embeddable":true,"href":"https:\/\/archive.sana.sy\/es\/index.php?rest_route=%2Fwp%2Fv2%2Fcategories&post=23658"},{"taxonomy":"post_tag","embeddable":true,"href":"https:\/\/archive.sana.sy\/es\/index.php?rest_route=%2Fwp%2Fv2%2Ftags&post=23658"}],"curies":[{"name":"wp","href":"https:\/\/api.w.org\/{rel}","templated":true}]}}