{"id":23662,"date":"2015-05-21T12:44:12","date_gmt":"2015-05-21T09:44:12","guid":{"rendered":"http:\/\/sana.sy\/es\/?p=23662"},"modified":"2015-05-21T12:44:12","modified_gmt":"2015-05-21T09:44:12","slug":"organizaciones-terroristas-atacan-con-proyectiles-de-mortero-al-barrio-de-matar-en-deraa","status":"publish","type":"post","link":"https:\/\/archive.sana.sy\/es\/?p=23662","title":{"rendered":"Organizaciones terroristas atacan con proyectiles de mortero al barrio de Matar en Deraa \u00a0"},"content":{"rendered":"<div><\/div>\n<div><span lang=\"ES-TRAD\" style=\"color: #ff0000\">Deraa, SANA<\/span><\/div>\n<div><span lang=\"ES-TRAD\">\u00a0<\/span><\/div>\n<div><span lang=\"ES-TRAD\">Organizaciones terroristas atacaron con varios proyectiles de mortero al barrio de Matar en la ciudad de Deraa, capital provincial de Deraa en el sur de Siria.<\/span><\/div>\n<div><span lang=\"ES-TRAD\">\u00a0<\/span><\/div>\n<div><span lang=\"ES-TRAD\">Una fuente en la gobernaci\u00f3n de Deraa inform\u00f3 que el ataque terrorista coincidi\u00f3 con la ida de los estudiantes de Educaci\u00f3n B\u00e1sica a sus escuelas para presentar sus ex\u00e1menes.<\/span><\/div>\n<div><span lang=\"ES-TRAD\">\u00a0<\/span><\/div>\n<div><span lang=\"ES-TRAD\">El ataque que tuvo lugar esta ma\u00f1ana del jueves, provoc\u00f3 da\u00f1os materiales.<\/span><\/div>\n<div><span lang=\"ES-TRAD\">\u00a0<\/span><\/div>\n<div><span lang=\"ES-TRAD\">Los autores del ataque son los terroristas del Frente al-Nousra y de otras brigadas extremistas que se despliegan en el barrio de Deraa al-Balad.<\/span><\/div>\n<div><\/div>\n<div><span style=\"color: #00ccff\">Fady M., Hala B.<\/span><\/div>\n<div class=\"yj6qo ajU\">\n<div id=\":t1\" class=\"ajR\"><img decoding=\"async\" class=\"ajT\" src=\"https:\/\/ssl.gstatic.com\/ui\/v1\/icons\/mail\/images\/cleardot.gif\" alt=\"\" \/><\/div>\n<\/div>\n","protected":false},"excerpt":{"rendered":"<p>Deraa, SANA \u00a0 Organizaciones terroristas atacaron con varios proyectiles de mortero al barrio de Matar en la ciudad de Deraa, capital provincial de Deraa en el sur de Siria. \u00a0 Una fuente en la gobernaci\u00f3n de Deraa inform\u00f3 que el ataque terrorista coincidi\u00f3 con la ida de los estudiantes de Educaci\u00f3n B\u00e1sica a sus escuelas &hellip;<\/p>\n","protected":false},"author":1,"featured_media":12894,"comment_status":"closed","ping_status":"closed","sticky":false,"template":"","format":"standard","meta":{"footnotes":""},"categories":[573,476],"tags":[5342],"class_list":["post-23662","post","type-post","status-publish","format-standard","has-post-thumbnail","","category-la-realidad-de-los-acontecimientos-en-siria","category-locales","tag-organizaciones-terroristas-atacan-con-proyectiles-de-mortero-al-barrio-de-matar-en-deraa"],"_links":{"self":[{"href":"https:\/\/archive.sana.sy\/es\/index.php?rest_route=\/wp\/v2\/posts\/23662"}],"collection":[{"href":"https:\/\/archive.sana.sy\/es\/index.php?rest_route=\/wp\/v2\/posts"}],"about":[{"href":"https:\/\/archive.sana.sy\/es\/index.php?rest_route=\/wp\/v2\/types\/post"}],"author":[{"embeddable":true,"href":"https:\/\/archive.sana.sy\/es\/index.php?rest_route=\/wp\/v2\/users\/1"}],"replies":[{"embeddable":true,"href":"https:\/\/archive.sana.sy\/es\/index.php?rest_route=%2Fwp%2Fv2%2Fcomments&post=23662"}],"version-history":[{"count":0,"href":"https:\/\/archive.sana.sy\/es\/index.php?rest_route=\/wp\/v2\/posts\/23662\/revisions"}],"wp:featuredmedia":[{"embeddable":true,"href":"https:\/\/archive.sana.sy\/es\/index.php?rest_route=\/wp\/v2\/media\/12894"}],"wp:attachment":[{"href":"https:\/\/archive.sana.sy\/es\/index.php?rest_route=%2Fwp%2Fv2%2Fmedia&parent=23662"}],"wp:term":[{"taxonomy":"category","embeddable":true,"href":"https:\/\/archive.sana.sy\/es\/index.php?rest_route=%2Fwp%2Fv2%2Fcategories&post=23662"},{"taxonomy":"post_tag","embeddable":true,"href":"https:\/\/archive.sana.sy\/es\/index.php?rest_route=%2Fwp%2Fv2%2Ftags&post=23662"}],"curies":[{"name":"wp","href":"https:\/\/api.w.org\/{rel}","templated":true}]}}